{"id":194588,"date":"2022-02-04T06:00:51","date_gmt":"2022-02-04T09:00:51","guid":{"rendered":"https:\/\/diarioregionaldigital.com.br\/?p=194588"},"modified":"2022-02-03T20:34:14","modified_gmt":"2022-02-03T23:34:14","slug":"extrato-retificacao-i-edital-no-04-sec-escolar-04-02-2022","status":"publish","type":"post","link":"https:\/\/diarioregionaldigital.com.br\/?p=194588","title":{"rendered":"Extrato Retifica\u00e7\u00e3o I &#8211; Edital n\u00ba 04 &#8211; Sec. Escolar &#8211; 04\/02\/2022"},"content":{"rendered":"<p style=\"text-align: center;\"><strong>MUNIC\u00cdPIO<\/strong><strong> DE JUIZ DE FORA\/MG<\/strong><\/p>\n<p style=\"text-align: center;\"><strong>EDITAL N\u00ba 04, DE 10 DE DEZEMBRO DE 2021<\/strong><\/p>\n<p style=\"text-align: center;\"><strong>RETIFICA\u00c7\u00c3O I<\/strong><\/p>\n<p style=\"text-align: center;\"><strong>O MUNIC\u00cdPIO DE JUIZ DE FORA\/MG<\/strong>, torna p\u00fablica a Retifica\u00e7\u00e3o I, ao Edital de Concurso P\u00fablico n\u00ba 04, de 10 de dezembro de 2021, destinado ao preenchimento de vagas do quadro de servidores da <strong>Secretaria de Educa\u00e7\u00e3o do Munic\u00edpio de Juiz de Fora <\/strong>e forma\u00e7\u00e3o de cadastro de reserva, mediante as condi\u00e7\u00f5es adiante estabelecidas em edital espec\u00edfico disponibilizado na \u00edntegra na p\u00e1gina do certame, no site <a href=\"http:\/\/www.consulplan.net\">www.consulplan.net<\/a>. <strong>Registra-se, publique-se e cumpra-se, <\/strong><strong>JUIZ DE FORA\/MG, 03 de janeiro de 2022.<\/strong><\/p>\n<p style=\"text-align: center;\"><strong>Margarida Salom\u00e3o<\/strong><\/p>\n<p style=\"text-align: center;\"><strong>PREFEITA DE JUIZ DE FORA<\/strong><\/p>\n<p style=\"text-align: center;\"><strong>Rog\u00e9rio Freitas04<\/strong><\/p>\n<p style=\"text-align: center;\"><strong>SECRET\u00c1RIO DE RECURSOS HUMANOS<\/strong><\/p>\n","protected":false},"excerpt":{"rendered":"<p>MUNIC\u00cdPIO DE JUIZ DE FORA\/MG EDITAL N\u00ba 04, DE 10 DE DEZEMBRO DE 2021 RETIFICA\u00c7\u00c3O I O MUNIC\u00cdPIO DE JUIZ DE FORA\/MG, torna p\u00fablica a Retifica\u00e7\u00e3o I, ao Edital de Concurso P\u00fablico n\u00ba 04, de 10 de dezembro de 2021, destinado ao preenchimento de vagas do quadro de servidores da Secretaria de Educa\u00e7\u00e3o do Munic\u00edpio [&hellip;]<\/p>\n","protected":false},"author":96,"featured_media":0,"comment_status":"closed","ping_status":"closed","sticky":false,"template":"","format":"standard","meta":{"footnotes":""},"categories":[307],"tags":[],"class_list":["post-194588","post","type-post","status-publish","format-standard","hentry","category-editais"],"_links":{"self":[{"href":"https:\/\/diarioregionaldigital.com.br\/index.php?rest_route=\/wp\/v2\/posts\/194588","targetHints":{"allow":["GET"]}}],"collection":[{"href":"https:\/\/diarioregionaldigital.com.br\/index.php?rest_route=\/wp\/v2\/posts"}],"about":[{"href":"https:\/\/diarioregionaldigital.com.br\/index.php?rest_route=\/wp\/v2\/types\/post"}],"author":[{"embeddable":true,"href":"https:\/\/diarioregionaldigital.com.br\/index.php?rest_route=\/wp\/v2\/users\/96"}],"replies":[{"embeddable":true,"href":"https:\/\/diarioregionaldigital.com.br\/index.php?rest_route=%2Fwp%2Fv2%2Fcomments&post=194588"}],"version-history":[{"count":1,"href":"https:\/\/diarioregionaldigital.com.br\/index.php?rest_route=\/wp\/v2\/posts\/194588\/revisions"}],"predecessor-version":[{"id":194589,"href":"https:\/\/diarioregionaldigital.com.br\/index.php?rest_route=\/wp\/v2\/posts\/194588\/revisions\/194589"}],"wp:attachment":[{"href":"https:\/\/diarioregionaldigital.com.br\/index.php?rest_route=%2Fwp%2Fv2%2Fmedia&parent=194588"}],"wp:term":[{"taxonomy":"category","embeddable":true,"href":"https:\/\/diarioregionaldigital.com.br\/index.php?rest_route=%2Fwp%2Fv2%2Fcategories&post=194588"},{"taxonomy":"post_tag","embeddable":true,"href":"https:\/\/diarioregionaldigital.com.br\/index.php?rest_route=%2Fwp%2Fv2%2Ftags&post=194588"}],"curies":[{"name":"wp","href":"https:\/\/api.w.org\/{rel}","templated":true}]}}