{"id":194584,"date":"2022-02-04T06:00:39","date_gmt":"2022-02-04T09:00:39","guid":{"rendered":"https:\/\/diarioregionaldigital.com.br\/?p=194584"},"modified":"2022-02-03T20:29:30","modified_gmt":"2022-02-03T23:29:30","slug":"o-dia-e-hoje","status":"publish","type":"post","link":"https:\/\/diarioregionaldigital.com.br\/?p=194584","title":{"rendered":"O dia \u00e9 hoje"},"content":{"rendered":"<p>\u201cPortanto, o meu povo saber\u00e1 o meu nome, por esta causa, naquele dia, porque eu mesmo sou o que digo: Eis-me aqui\u201d (Isa\u00edas 52: 6).<\/p>\n<p>Deus est\u00e1 nos dizendo atrav\u00e9s do profeta Isa\u00edas que haveria o dia em que ele se revelaria, dali por diante ningu\u00e9m mais poderia dar desculpa dizendo \u201ceu n\u00e3o conhe\u00e7o esse tal de Deus\u201d, pois Ele mesmo se faria conhecer.<\/p>\n<p>Ele nos daria um nome para usar como espada e escudo, o nome superior a qualquer outro, nome para que perante ele todo joelho se dobre e toda boca confesse sua poderosa majestade: \u201cPorque est\u00e1 escrito: Pela minha vida, diz o Senhor, todo joelho se dobrar\u00e1 diante de mim, e toda l\u00edngua confessar\u00e1 a Deus\u201d (Romanos 14: 11).<\/p>\n<p>Naquele dia todo o povo saberia quem Deus \u00c9, pois ali estaria a revela\u00e7\u00e3o definitiva de tudo o que podemos e devemos saber. O Senhor est\u00e1 nos contando que no dia que Ele determinou sua voz ecoaria pelo mundo dizendo: \u201cEu estou aqui!\u201d.<\/p>\n<p>Mas que dia ser\u00e1 esse? O profeta est\u00e1 se referindo a qual momento exatamente? Ser\u00e1 que j\u00e1 ocorreu ou essa data ainda est\u00e1 por vir?<\/p>\n<p>O profeta Isa\u00edas escreveu essas palavras h\u00e1 cerca de 2.700 anos. E o dia que ele marcou no calend\u00e1rio espiritual \u00e9 HOJE!!!!<\/p>\n<p>Pois Jesus Cristo j\u00e1 veio e j\u00e1 disse \u201ceis-me aqui\u201d (Jo\u00e3o 20: 27). Ele j\u00e1 nos falou \u201colhe para mim e ver\u00e1 o Pai\u201d (Jo\u00e3o 14: 7) pois \u201ceu e o Pai somos um\u201d (Jo\u00e3o 10: 30). O Rei nos falou \u201ctudo o que pedirdes em meu nome eu farei\u201d (Jo\u00e3o 14: 13,14) para depois completar: \u201csegue-me\u201d (Jo\u00e3o 21: 19).<\/p>\n<p>Jesus Cristo j\u00e1 disse tudo o que Deus quer que saibamos, cada palavra est\u00e1 registrada no Santo Livro chamado B\u00edblia e nele est\u00e1 dito que a hora da reconcilia\u00e7\u00e3o \u00e9 AGORA!<\/p>\n<p>N\u00e3o perca mais tempo, fa\u00e7a a vontade de Deus, tome uma decis\u00e3o sensata, ou\u00e7a a Sua poderosa voz dizendo atrav\u00e9s de Cristo: &#8220;Eis-me aqui\u201d!<\/p>\n","protected":false},"excerpt":{"rendered":"<p>\u201cPortanto, o meu povo saber\u00e1 o meu nome, por esta causa, naquele dia, porque eu mesmo sou o que digo: Eis-me aqui\u201d (Isa\u00edas 52: 6). Deus est\u00e1 nos dizendo atrav\u00e9s do profeta Isa\u00edas que haveria o dia em que ele se revelaria, dali por diante ningu\u00e9m mais poderia dar desculpa dizendo \u201ceu n\u00e3o conhe\u00e7o esse [&hellip;]<\/p>\n","protected":false},"author":96,"featured_media":0,"comment_status":"closed","ping_status":"closed","sticky":false,"template":"","format":"standard","meta":{"footnotes":""},"categories":[1244],"tags":[],"class_list":["post-194584","post","type-post","status-publish","format-standard","hentry","category-oleg-abramov"],"_links":{"self":[{"href":"https:\/\/diarioregionaldigital.com.br\/index.php?rest_route=\/wp\/v2\/posts\/194584","targetHints":{"allow":["GET"]}}],"collection":[{"href":"https:\/\/diarioregionaldigital.com.br\/index.php?rest_route=\/wp\/v2\/posts"}],"about":[{"href":"https:\/\/diarioregionaldigital.com.br\/index.php?rest_route=\/wp\/v2\/types\/post"}],"author":[{"embeddable":true,"href":"https:\/\/diarioregionaldigital.com.br\/index.php?rest_route=\/wp\/v2\/users\/96"}],"replies":[{"embeddable":true,"href":"https:\/\/diarioregionaldigital.com.br\/index.php?rest_route=%2Fwp%2Fv2%2Fcomments&post=194584"}],"version-history":[{"count":1,"href":"https:\/\/diarioregionaldigital.com.br\/index.php?rest_route=\/wp\/v2\/posts\/194584\/revisions"}],"predecessor-version":[{"id":194585,"href":"https:\/\/diarioregionaldigital.com.br\/index.php?rest_route=\/wp\/v2\/posts\/194584\/revisions\/194585"}],"wp:attachment":[{"href":"https:\/\/diarioregionaldigital.com.br\/index.php?rest_route=%2Fwp%2Fv2%2Fmedia&parent=194584"}],"wp:term":[{"taxonomy":"category","embeddable":true,"href":"https:\/\/diarioregionaldigital.com.br\/index.php?rest_route=%2Fwp%2Fv2%2Fcategories&post=194584"},{"taxonomy":"post_tag","embeddable":true,"href":"https:\/\/diarioregionaldigital.com.br\/index.php?rest_route=%2Fwp%2Fv2%2Ftags&post=194584"}],"curies":[{"name":"wp","href":"https:\/\/api.w.org\/{rel}","templated":true}]}}