{"id":194579,"date":"2022-02-03T16:20:21","date_gmt":"2022-02-03T19:20:21","guid":{"rendered":"https:\/\/diarioregionaldigital.com.br\/?p=194579"},"modified":"2022-02-03T16:20:21","modified_gmt":"2022-02-03T19:20:21","slug":"em-parceria-com-a-defesa-civil-acao-social-inaugura-cozinha-comunitaria","status":"publish","type":"post","link":"https:\/\/diarioregionaldigital.com.br\/?p=194579","title":{"rendered":"Em parceria com a Defesa Civil, a\u00e7\u00e3o social inaugura cozinha comunit\u00e1ria"},"content":{"rendered":"<p>Segundo informa\u00e7\u00f5es do site da Prefeitura de Juiz de Fora, devido ao atual per\u00edodo chuvoso, a Secretaria de Governo &#8211; atrav\u00e9s da Defesa Civil de Juiz de Fora -, forneceu apoio ao projeto F\u00eanix. A iniciativa, que \u00e9 desenvolvida por volunt\u00e1rios, garante quase 300 refei\u00e7\u00f5es por dia para a popula\u00e7\u00e3o em situa\u00e7\u00e3o de rua e de vulnerabilidade social.<\/p>\n<p>Nesta quarta-feira, 2, o projeto retomou as atividades em novo espa\u00e7o, no Conjunto Arquitet\u00f4nico Tancredo Neves, situado em frente \u00e0 Pra\u00e7a da Esta\u00e7\u00e3o. Com o estado de emerg\u00eancia em fun\u00e7\u00e3o das chuvas, o local foi cedido pela Prefeitura de Juiz de Fora (PJF) para garantir apoio \u00e0 a\u00e7\u00e3o social. No primeiro dia de retomada, foram distribu\u00eddas 250 refei\u00e7\u00f5es para a popula\u00e7\u00e3o, seguindo o modelo marmitex. A distribui\u00e7\u00e3o no local acontece das 11h30 at\u00e9 \u00e0s 12h30, de segunda a sexta-feira.<\/p>\n<p>O projeto F\u00eanix existe h\u00e1 um ano, sob coordena\u00e7\u00e3o de Vanessa Farnezi e Marcele Moraes. Anteriormente, a iniciativa ocupava outro espa\u00e7o, que foi atingido pelas chuvas. A secret\u00e1ria de governo, Cidinha Louzada, destaca a necessidade de fornecer apoio \u00e0s pessoas que sofrem com as fortes chuvas. \u201cQueremos dar continuidade neste trabalho que \u00e9 voltado para a comunidade. Na verdade, isto \u00e9 uma grande cozinha comunit\u00e1ria com volunt\u00e1rios. \u00c9 realizado atrav\u00e9s de doa\u00e7\u00f5es, sem lucro e sem venda. \u00c9 o amor das pessoas, que trouxeram neste momento de afli\u00e7\u00e3o, o alimento para que outras pessoas n\u00e3o possam passar um dia sem alimenta\u00e7\u00e3o\u201d, comenta a secret\u00e1ria.<\/p>\n<p>Para efetuar doa\u00e7\u00f5es, h\u00e1 op\u00e7\u00f5es de entrega no local, transfer\u00eancia banc\u00e1ria atrav\u00e9s da chave Pix 41.611.423\/0001.25 e, tamb\u00e9m, \u00e9 poss\u00edvel entrar em contato com as organizadoras no n\u00famero (32) 98833-6713 para que busquem os donativos. S\u00e3o aceitos quaisquer tipos de alimentos, verduras, legumes, produtos de limpeza e g\u00e1s de cozinha.<\/p>\n<p>Al\u00e9m da iniciativa de cozinha comunit\u00e1ria, o pr\u00e9dio recebe moradores em situa\u00e7\u00e3o de rua no projeto de Casa de Passagem Emergencial, realizado pelas secretarias de Assist\u00eancia Social, de Direitos Humanos e de Governo. Tamb\u00e9m conhecido como \u201cCasa da Esta\u00e7\u00e3o\u201d, desde 25 de janeiro s\u00e3o disponibilizadas 50 vagas para acolhimento de homens e mulheres em situa\u00e7\u00e3o de rua.<\/p>\n<p>&nbsp;<\/p>\n<div><\/div>\n","protected":false},"excerpt":{"rendered":"<p>Segundo informa\u00e7\u00f5es do site da Prefeitura de Juiz de Fora, devido ao atual per\u00edodo chuvoso, a Secretaria de Governo &#8211; atrav\u00e9s da Defesa Civil de Juiz de Fora -, forneceu apoio ao projeto F\u00eanix. A iniciativa, que \u00e9 desenvolvida por volunt\u00e1rios, garante quase 300 refei\u00e7\u00f5es por dia para a popula\u00e7\u00e3o em situa\u00e7\u00e3o de rua e [&hellip;]<\/p>\n","protected":false},"author":246,"featured_media":194580,"comment_status":"closed","ping_status":"closed","sticky":false,"template":"","format":"standard","meta":{"footnotes":""},"categories":[253,436,439],"tags":[],"class_list":["post-194579","post","type-post","status-publish","format-standard","has-post-thumbnail","hentry","category-cidade","category-destaque-da-semana","category-ultima-hora"],"_links":{"self":[{"href":"https:\/\/diarioregionaldigital.com.br\/index.php?rest_route=\/wp\/v2\/posts\/194579","targetHints":{"allow":["GET"]}}],"collection":[{"href":"https:\/\/diarioregionaldigital.com.br\/index.php?rest_route=\/wp\/v2\/posts"}],"about":[{"href":"https:\/\/diarioregionaldigital.com.br\/index.php?rest_route=\/wp\/v2\/types\/post"}],"author":[{"embeddable":true,"href":"https:\/\/diarioregionaldigital.com.br\/index.php?rest_route=\/wp\/v2\/users\/246"}],"replies":[{"embeddable":true,"href":"https:\/\/diarioregionaldigital.com.br\/index.php?rest_route=%2Fwp%2Fv2%2Fcomments&post=194579"}],"version-history":[{"count":1,"href":"https:\/\/diarioregionaldigital.com.br\/index.php?rest_route=\/wp\/v2\/posts\/194579\/revisions"}],"predecessor-version":[{"id":194581,"href":"https:\/\/diarioregionaldigital.com.br\/index.php?rest_route=\/wp\/v2\/posts\/194579\/revisions\/194581"}],"wp:featuredmedia":[{"embeddable":true,"href":"https:\/\/diarioregionaldigital.com.br\/index.php?rest_route=\/wp\/v2\/media\/194580"}],"wp:attachment":[{"href":"https:\/\/diarioregionaldigital.com.br\/index.php?rest_route=%2Fwp%2Fv2%2Fmedia&parent=194579"}],"wp:term":[{"taxonomy":"category","embeddable":true,"href":"https:\/\/diarioregionaldigital.com.br\/index.php?rest_route=%2Fwp%2Fv2%2Fcategories&post=194579"},{"taxonomy":"post_tag","embeddable":true,"href":"https:\/\/diarioregionaldigital.com.br\/index.php?rest_route=%2Fwp%2Fv2%2Ftags&post=194579"}],"curies":[{"name":"wp","href":"https:\/\/api.w.org\/{rel}","templated":true}]}}