{"id":194576,"date":"2022-02-03T16:18:36","date_gmt":"2022-02-03T19:18:36","guid":{"rendered":"https:\/\/diarioregionaldigital.com.br\/?p=194576"},"modified":"2022-02-03T16:18:36","modified_gmt":"2022-02-03T19:18:36","slug":"criancas-de-5-anos-recebem-primeira-dose-contra-covid-19-nesta-sexta-feira-4","status":"publish","type":"post","link":"https:\/\/diarioregionaldigital.com.br\/?p=194576","title":{"rendered":"Crian\u00e7as de 5 anos recebem primeira dose contra Covid\u201319 nesta sexta-feira, 4"},"content":{"rendered":"<p>Segundo informa\u00e7\u00f5es do site da Prefeitura de Juiz de Fora, todas as crian\u00e7as, com 5 anos ou mais, com e sem comorbidades, j\u00e1 podem receber a primeira dose da vacina contra a Covid-19 em Juiz de Fora a partir desta sexta-feira, 4. Os locais s\u00e3o as 6 Unidades B\u00e1sicas de Sa\u00fade (UBSs) espalhadas pelo munic\u00edpio, sempre das 8h \u00e0s 11h, al\u00e9m do Col\u00e9gio dos Jesu\u00edtas, da Pra\u00e7a CEU, da Escola Municipal Tancredo Neves, e do Espa\u00e7o Cidade, tamb\u00e9m das 8h \u00e0s 11h.<\/p>\n<p>A SS pede para que, para o ato de vacina\u00e7\u00e3o, seja levado uma c\u00f3pia do comprovante de resid\u00eancia no nome dos pais ou respons\u00e1vel com endere\u00e7o em Juiz de Fora, c\u00f3pia do CPF ou o Cart\u00e3o SUS (caso a crian\u00e7a n\u00e3o tenha, pode utilizar a certid\u00e3o de nascimento). Para as crian\u00e7as com comorbidades, \u00e9 exigido\u00a0 um atestado ou laudo m\u00e9dico, original e c\u00f3pia, que dever\u00e1 ser apresentado no momento da vacina\u00e7\u00e3o. Neste s\u00e1bado, 5, a Secretaria de Sa\u00fade (SS) da Prefeitura de Juiz de Fora ainda realiza o\u00a0<a href=\"https:\/\/www.pjf.mg.gov.br\/noticias\/view.php?modo=link2&amp;idnoticia2=74009\" target=\"_blank\" rel=\"noopener\"><strong>Dia D de vacina\u00e7\u00e3o infantil<\/strong><\/a>, no Sport Club e na Pra\u00e7a CEU, de 8h \u00e0s 16h, para todas as crian\u00e7as que n\u00e3o conseguiram vacinar contra o coronav\u00edrus.<br \/>\n<strong>Fique atento\u00a0<\/strong><\/p>\n<p>A manuten\u00e7\u00e3o das datas deste calend\u00e1rio dependem da disponibiliza\u00e7\u00e3o das doses do imunizante por parte do Minist\u00e9rio da Sa\u00fade (MS). O intervalo entre a primeira e segunda aplica\u00e7\u00e3o, inicialmente, ser\u00e1 de oito semanas, com a Pfizer e de 28 dias com a Coronovac. O pr\u00e9-cadastro est\u00e1 dispon\u00edvel no site da PJF, assim como a ficha para a vacina\u00e7\u00e3o das crian\u00e7as.<\/p>\n<p>Seguindo recomenda\u00e7\u00f5es dos \u00f3rg\u00e3os competentes, as crian\u00e7as que forem se vacinar contra a Covid-19 n\u00e3o podem ter recebido outra vacina nos \u00faltimos 15 dias e n\u00e3o dever\u00e3o receber outro imunizante nos 15 dias posteriores ao recebimento da primeira dose da vacina Pfizer infantil contra o coronav\u00edrus.\u00a0 Al\u00e9m disso, \u00e9 necess\u00e1rio que a crian\u00e7a fique de 5 a 20 minutos no local ap\u00f3s a vacina\u00e7\u00e3o, para ser observado casos de poss\u00edveis rea\u00e7\u00f5es.<\/p>\n<p>&nbsp;<\/p>\n<p><strong>Confira o calend\u00e1rio e os locais de vacina\u00e7\u00e3o das crian\u00e7as<\/strong><\/p>\n<p><strong>4 de fevereiro:<\/strong>\u00a05 anos ou mais e crian\u00e7as de 5 a 11 anos com comorbidades<\/p>\n<p>&nbsp;<\/p>\n<p><strong>Locais de Vacina\u00e7\u00e3o Infantil:<\/strong><\/p>\n<p>&nbsp;<\/p>\n<p><strong>Pra\u00e7a CEU &#8211; 8h \u00e0s 11h<\/strong><\/p>\n<p><strong>Espa\u00e7o Cidade &#8211; das 8h \u00e0s 11h<\/strong><\/p>\n<p><strong>Col\u00e9gio dos Jesu\u00edtas &#8211; das 8h \u00e0s 11h<\/strong><\/p>\n<p><strong>Escola Municipal Tancredo Neves &#8211; 8h \u00e0s 11h<\/strong><\/p>\n<p>Rua Jos\u00e9 Louren\u00e7o Kelmer, 1.433 &#8211; S\u00e3o Pedro<\/p>\n<p>&nbsp;<\/p>\n<p><strong>6 UBSs que vacinam crian\u00e7as da 8h \u00e0s 11h:\u00a0<\/strong><\/p>\n<p>UBS Nossa Senhora de Lourdes<\/p>\n<p>UBS Nossa Senhora Aparecida<\/p>\n<p>UBS Milho Branco<\/p>\n<p>UBS Nossa Senhora das Gra\u00e7as<\/p>\n<p>UBS Teixeiras<\/p>\n<p>UBS Nova Era<\/p>\n","protected":false},"excerpt":{"rendered":"<p>Segundo informa\u00e7\u00f5es do site da Prefeitura de Juiz de Fora, todas as crian\u00e7as, com 5 anos ou mais, com e sem comorbidades, j\u00e1 podem receber a primeira dose da vacina contra a Covid-19 em Juiz de Fora a partir desta sexta-feira, 4. Os locais s\u00e3o as 6 Unidades B\u00e1sicas de Sa\u00fade (UBSs) espalhadas pelo munic\u00edpio, [&hellip;]<\/p>\n","protected":false},"author":246,"featured_media":194577,"comment_status":"closed","ping_status":"closed","sticky":false,"template":"","format":"standard","meta":{"footnotes":""},"categories":[253,436,439],"tags":[],"class_list":["post-194576","post","type-post","status-publish","format-standard","has-post-thumbnail","hentry","category-cidade","category-destaque-da-semana","category-ultima-hora"],"_links":{"self":[{"href":"https:\/\/diarioregionaldigital.com.br\/index.php?rest_route=\/wp\/v2\/posts\/194576","targetHints":{"allow":["GET"]}}],"collection":[{"href":"https:\/\/diarioregionaldigital.com.br\/index.php?rest_route=\/wp\/v2\/posts"}],"about":[{"href":"https:\/\/diarioregionaldigital.com.br\/index.php?rest_route=\/wp\/v2\/types\/post"}],"author":[{"embeddable":true,"href":"https:\/\/diarioregionaldigital.com.br\/index.php?rest_route=\/wp\/v2\/users\/246"}],"replies":[{"embeddable":true,"href":"https:\/\/diarioregionaldigital.com.br\/index.php?rest_route=%2Fwp%2Fv2%2Fcomments&post=194576"}],"version-history":[{"count":1,"href":"https:\/\/diarioregionaldigital.com.br\/index.php?rest_route=\/wp\/v2\/posts\/194576\/revisions"}],"predecessor-version":[{"id":194578,"href":"https:\/\/diarioregionaldigital.com.br\/index.php?rest_route=\/wp\/v2\/posts\/194576\/revisions\/194578"}],"wp:featuredmedia":[{"embeddable":true,"href":"https:\/\/diarioregionaldigital.com.br\/index.php?rest_route=\/wp\/v2\/media\/194577"}],"wp:attachment":[{"href":"https:\/\/diarioregionaldigital.com.br\/index.php?rest_route=%2Fwp%2Fv2%2Fmedia&parent=194576"}],"wp:term":[{"taxonomy":"category","embeddable":true,"href":"https:\/\/diarioregionaldigital.com.br\/index.php?rest_route=%2Fwp%2Fv2%2Fcategories&post=194576"},{"taxonomy":"post_tag","embeddable":true,"href":"https:\/\/diarioregionaldigital.com.br\/index.php?rest_route=%2Fwp%2Fv2%2Ftags&post=194576"}],"curies":[{"name":"wp","href":"https:\/\/api.w.org\/{rel}","templated":true}]}}