{"id":194573,"date":"2022-02-03T16:17:16","date_gmt":"2022-02-03T19:17:16","guid":{"rendered":"https:\/\/diarioregionaldigital.com.br\/?p=194573"},"modified":"2022-02-03T16:17:16","modified_gmt":"2022-02-03T19:17:16","slug":"transito-sofre-alteracao-no-entorno-da-ufjf-durante-o-final-de-semana","status":"publish","type":"post","link":"https:\/\/diarioregionaldigital.com.br\/?p=194573","title":{"rendered":"Tr\u00e2nsito sofre altera\u00e7\u00e3o no entorno da UFJF durante o final de semana"},"content":{"rendered":"<p>Segundo informa\u00e7\u00f5es do site da Prefeitura de Juiz de Fora, a Secretaria de Mobilidade Urbana (SMU) da Prefeitura de Juiz de Fora (PJF) realiza mudan\u00e7as no tr\u00e2nsito nas vias do bairro S\u00e3o Pedro pr\u00f3ximas \u00e0 Universidade Federal de Juiz de Fora (UFJF) a fim de garantir a fluidez e a seguran\u00e7a de motoristas e pedestres durante a realiza\u00e7\u00e3o do Programa de Ingresso Seletivo Misto (Pism), que acontece neste s\u00e1bado, 5, e domingo, 6.<\/p>\n<p>A Rua Jos\u00e9 Louren\u00e7o Kelmer ser\u00e1 em m\u00e3o \u00fanica no trecho entre o port\u00e3o Norte da UFJF e o trevo Jardim Casablanca, neste sentido. A Rua Lauro Teles de Mesquita ter\u00e1 seu sentido de circula\u00e7\u00e3o invertido. Os ve\u00edculos que seguem no sentido Centro \u2013 UFJF pelo bairro S\u00e3o Pedro ter\u00e3o o seguinte percurso: Avenida Pedro Henrique Krambeck e ruas Lauro Teles de Mesquita e Jos\u00e9 Louren\u00e7o Kelmer.<\/p>\n<p>J\u00e1 os \u00f4nibus urbanos dos bairros da regi\u00e3o seguem para um percurso diferente nos dias de PISM. No sentido Centro &#8211; S\u00e3o Pedro os coletivos transitam pela Avenida Pedro Henrique Krambeck, Rua Ant\u00f4nio Rufino e Avenida Presidente Costa e Silva. Ainda entre as altera\u00e7\u00f5es, as ruas Adolpho Kirchmaier e Virgulino Jo\u00e3o da Silva ser\u00e3o interditadas totalmente, com acesso permitido apenas para os moradores destas vias.<\/p>\n<p>Os agentes de transporte e tr\u00e2nsito estar\u00e3o presentes durante toda a realiza\u00e7\u00e3o do PISM para orientar motoristas e pedestres. Como as provas iniciam \u00e0s 13h, os estudantes devem ficar atentos e procurarem chegar ao campus com mais de uma hora de anteced\u00eancia, pois, nos dias de Pism o tr\u00e2nsito na cidade fica at\u00edpico, aumentando muito o tempo dos deslocamentos. Fora os riscos de acidentes e de imprevistos que podem atrapalhar ainda mais as locomo\u00e7\u00f5es.<\/p>\n","protected":false},"excerpt":{"rendered":"<p>Segundo informa\u00e7\u00f5es do site da Prefeitura de Juiz de Fora, a Secretaria de Mobilidade Urbana (SMU) da Prefeitura de Juiz de Fora (PJF) realiza mudan\u00e7as no tr\u00e2nsito nas vias do bairro S\u00e3o Pedro pr\u00f3ximas \u00e0 Universidade Federal de Juiz de Fora (UFJF) a fim de garantir a fluidez e a seguran\u00e7a de motoristas e pedestres [&hellip;]<\/p>\n","protected":false},"author":246,"featured_media":194574,"comment_status":"closed","ping_status":"closed","sticky":false,"template":"","format":"standard","meta":{"footnotes":""},"categories":[253,436,439],"tags":[],"class_list":["post-194573","post","type-post","status-publish","format-standard","has-post-thumbnail","hentry","category-cidade","category-destaque-da-semana","category-ultima-hora"],"_links":{"self":[{"href":"https:\/\/diarioregionaldigital.com.br\/index.php?rest_route=\/wp\/v2\/posts\/194573","targetHints":{"allow":["GET"]}}],"collection":[{"href":"https:\/\/diarioregionaldigital.com.br\/index.php?rest_route=\/wp\/v2\/posts"}],"about":[{"href":"https:\/\/diarioregionaldigital.com.br\/index.php?rest_route=\/wp\/v2\/types\/post"}],"author":[{"embeddable":true,"href":"https:\/\/diarioregionaldigital.com.br\/index.php?rest_route=\/wp\/v2\/users\/246"}],"replies":[{"embeddable":true,"href":"https:\/\/diarioregionaldigital.com.br\/index.php?rest_route=%2Fwp%2Fv2%2Fcomments&post=194573"}],"version-history":[{"count":1,"href":"https:\/\/diarioregionaldigital.com.br\/index.php?rest_route=\/wp\/v2\/posts\/194573\/revisions"}],"predecessor-version":[{"id":194575,"href":"https:\/\/diarioregionaldigital.com.br\/index.php?rest_route=\/wp\/v2\/posts\/194573\/revisions\/194575"}],"wp:featuredmedia":[{"embeddable":true,"href":"https:\/\/diarioregionaldigital.com.br\/index.php?rest_route=\/wp\/v2\/media\/194574"}],"wp:attachment":[{"href":"https:\/\/diarioregionaldigital.com.br\/index.php?rest_route=%2Fwp%2Fv2%2Fmedia&parent=194573"}],"wp:term":[{"taxonomy":"category","embeddable":true,"href":"https:\/\/diarioregionaldigital.com.br\/index.php?rest_route=%2Fwp%2Fv2%2Fcategories&post=194573"},{"taxonomy":"post_tag","embeddable":true,"href":"https:\/\/diarioregionaldigital.com.br\/index.php?rest_route=%2Fwp%2Fv2%2Ftags&post=194573"}],"curies":[{"name":"wp","href":"https:\/\/api.w.org\/{rel}","templated":true}]}}