{"id":194570,"date":"2022-02-03T16:14:49","date_gmt":"2022-02-03T19:14:49","guid":{"rendered":"https:\/\/diarioregionaldigital.com.br\/?p=194570"},"modified":"2022-02-03T16:14:49","modified_gmt":"2022-02-03T19:14:49","slug":"confira-como-fica-a-vacinacao-contra-a-covid-19-em-adultos-nesta-sexta-feira-4","status":"publish","type":"post","link":"https:\/\/diarioregionaldigital.com.br\/?p=194570","title":{"rendered":"Confira como fica a vacina\u00e7\u00e3o contra a Covid-19 em adultos nesta sexta-feira, 4"},"content":{"rendered":"<p>Segundo informa\u00e7\u00f5es do site da Prefeitura de Juiz de Fora, a campanha de imuniza\u00e7\u00e3o contra a Covid-19 da Secretaria de Sa\u00fade (SS) da Prefeitura de Juiz de Fora (PJF) continua nesta sexta-feira, 4. Os locais de imuniza\u00e7\u00e3o continuam os mesmos, sendo na parte da manh\u00e3, das 8h \u00e0s 11h, destinadas \u00e0s crian\u00e7as, e no per\u00edodo da tarde, aos adultos. As pessoas podem ir at\u00e9 a Escola Municipal Tancredo Neves, na Pra\u00e7a CEU e nas 6 Unidades B\u00e1sicas de Sa\u00fade (UBSs) das 13h \u00e0s 16h, no Col\u00e9gio dos Jesu\u00edtas, das 13h \u00e0s 17h, ou no Espa\u00e7o Cidade, das 13h \u00e0s 19h.<\/p>\n<p>A Secretaria de Sa\u00fade (SS) da Prefeitura de Juiz de Fora (PJF) destaca a import\u00e2ncia do recebimento da vacina de refor\u00e7o e pede para que todos aqueles que\u00a0<strong>receberam a 2\u00aa dose h\u00e1 pelo menos quatro meses<\/strong>\u00a0procurem um posto de vacina\u00e7\u00e3o para aumentar sua prote\u00e7\u00e3o contra o v\u00edrus.<\/p>\n<p>As segundas doses dos imunizantes AstraZeneca, Coronavac, Janssen e Pfizer, al\u00e9m das vacinas de refor\u00e7o, s\u00e3o disponibilizadas de forma cont\u00ednua. A 2\u00aa dose da Janssen \u00e9 destinada a todas as pessoas que receberam a primeira dose desse imunizante em 19 de outubro ou antes. J\u00e1 o intervalo entre 1\u00aa e 2\u00aa aplica\u00e7\u00e3o da AstraZeneca \u00e9 de oito semanas; da Coronavac \u00e9 de 28 dias; e da Pfizer, de 21 dias. O intervalo da 2\u00aa dose para a aplica\u00e7\u00e3o da vacina de refor\u00e7o \u00e9 de quatro meses.<\/p>\n<p>A vacina\u00e7\u00e3o acontece no<a href=\"https:\/\/www.pjf.mg.gov.br\/noticias\/view.php?modo=link2&amp;idnoticia2=73752\"><strong>\u00a0Espa\u00e7o Cidade, no novo hor\u00e1rio das 13h \u00e0s 19h<\/strong><\/a>; na Escola Municipal Tancredo Neves, no Col\u00e9gio dos Jesu\u00edtas,\u00a0 nas outras 6 unidades e no DSI, local em que a imuniza\u00e7\u00e3o \u00e9 exclusiva para o p\u00fablico de 60 anos ou mais, das 8h \u00e0s 11h.\u00a0<strong>A lista com todos os endere\u00e7os e hor\u00e1rios de funcionamento dos locais de vacina\u00e7\u00e3o destinados a cada um dos p\u00fablicos est\u00e1 dispon\u00edvel no fim deste texto.<\/strong><\/p>\n<p>&nbsp;<\/p>\n<p><strong>Segundas doses<\/strong><\/p>\n<p><strong>AstraZeneca<\/strong>\u00a0&#8211; A aplica\u00e7\u00e3o da segunda dose de AstraZeneca segue a data descrita no cart\u00e3o de vacina. Portanto, recebem a D2 todos aqueles com retorno agendado para o dia 4 de fevereiro ou data anterior. O Espa\u00e7o Cidade, das 13h \u00e0s 19h, aplica esses imunizantes.<\/p>\n<p><strong>Coronavac<\/strong>\u00a0&#8211; A aplica\u00e7\u00e3o da segunda dose do imunizante Coronavac segue a data descrita no cart\u00e3o de vacina. Nesta sexta, recebem a D2 todos aqueles com retorno agendado para o dia 4 de fevereiro ou data anterior, exclusivamente no Espa\u00e7o Cidade, das 13h \u00e0s 19h.<\/p>\n<p><strong>Janssen &#8211;<\/strong>\u00a0As segundas doses do imunizante Janssen s\u00e3o destinadas \u00e0s pessoas que receberam a primeira dose desta vacina no dia 19 de outubro ou data anterior e s\u00e3o aplicadas no Espa\u00e7o Cidade, das 13h \u00e0s 19h.<\/p>\n<p><strong>Pfizer<\/strong>\u00a0&#8211; Quem recebeu a primeira dose da Pfizer no dia 14 de janeiro ou antes pode procurar um dos postos de imuniza\u00e7\u00e3o para receber a segunda. O Col\u00e9gio dos Jesu\u00edtas, das 13h \u00e0s 17h, Pra\u00e7a CEU e Escola Municipal Tancredo Neves, das 13h \u00e0s 16h, disponibilizam as vacinas para adultos, al\u00e9m do Espa\u00e7o de Cidade das 13h \u00e0s 19h e das outras 6 UBSs, das 13h \u00e0s 16h.<\/p>\n<p>&nbsp;<\/p>\n<p><strong>Doses de refor\u00e7o<\/strong><\/p>\n<p>As doses de refor\u00e7o s\u00e3o destinadas \u00e0s pessoas a partir de 18 anos que receberam a segunda\u00a0<strong>h\u00e1 quatro meses ou mais\u00a0<\/strong>e s\u00e3o aplicadas nas 6 UBSs e na Escola Municipal Tancredo Neves, das 13h \u00e0s 16h; e no Espa\u00e7o Cidade, das 13h \u00e0s 19h, e no Col\u00e9gio dos Jesu\u00edtas, das 13h \u00e0s 17h e na Pra\u00e7a CEU, das 13h \u00e0s 16h. Os idosos a partir de 60 anos, que v\u00e3o receber primeira, segunda dose ou vacina de refor\u00e7o, al\u00e9m destes locais, podem ser vacinados no DSI, das 8h \u00e0s 11h.\u00a0<strong>Os imunossuprimidos<\/strong>, que receberam a D2 h\u00e1 pelo menos 28 dias, tamb\u00e9m devem receber a dose de refor\u00e7o, e a quarta dose deve ser aplicada para este p\u00fablico quatro meses ap\u00f3s a D3. Este p\u00fablico pode ser vacinado no Espa\u00e7o Cidade,\u00a0 nas 6 unidades, Col\u00e9gio dos Jesu\u00edtas, E. M. Tancredo Neves e Pra\u00e7a CEU.<\/p>\n<p>As pessoas que v\u00e3o receber a primeira dose devem apresentar originais e c\u00f3pias de documento de identifica\u00e7\u00e3o com foto (como documento de identidade (RG) ou carteira de motorista) e o CPF, caso o n\u00famero do mesmo n\u00e3o conste na identidade, al\u00e9m da ficha de vacina\u00e7\u00e3o impressa e preenchida. Os pr\u00e9-adolescentes e adolescentes que n\u00e3o tiverem o documento de identidade, podem apresentar a certid\u00e3o de nascimento.<\/p>\n<p>As pessoas que v\u00e3o receber a D2 ou a dose de refor\u00e7o precisam apresentar apenas a ficha de vacina\u00e7\u00e3o, o cart\u00e3o de vacina e um documento de identifica\u00e7\u00e3o com foto, enquanto os imunossuprimidos, al\u00e9m destes documentos, devem apresentar um laudo ou atestado m\u00e9dico datado de, no m\u00e1ximo, 12 meses, comprovando a condi\u00e7\u00e3o. Este p\u00fablico pode buscar pela dose de refor\u00e7o a partir de 28 dias do recebimento da 2\u00aa dose. N\u00e3o \u00e9 necess\u00e1ria a apresenta\u00e7\u00e3o de comprovante de resid\u00eancia<\/p>\n<p>Refor\u00e7amos o pedido para todos que v\u00e3o ser vacinados levarem, impressa e preenchida, a Ficha de Vacina\u00e7\u00e3o, cujo modelo est\u00e1 dispon\u00edvel no\u00a0<a href=\"https:\/\/covid19.pjf.mg.gov.br\/arquivos\/formulario_para_vacinacao.pdf\"><strong>site da PJF<\/strong><\/a>, isso facilita no momento da triagem e agiliza o processo de vacina\u00e7\u00e3o.<\/p>\n<p>&nbsp;<\/p>\n<p><strong>Confira o calend\u00e1rio de vacina\u00e7\u00e3o contra a Covid-19 de sexta-feira, 4 de fevereiro:<\/strong><\/p>\n<p>&nbsp;<\/p>\n<p><strong>Primeiras doses de todas as pessoas com 12 anos ou mais<\/strong><\/p>\n<p>Espa\u00e7o Cidade, das 13h \u00e0s 19h; nas 6 unidades, de 13h \u00e0s 16h, Col\u00e9gio dos Jesu\u00edtas, das 13h \u00e0s 17; Pra\u00e7a CEU e Escola Municipal Tancredo Neves, das 13h \u00e0s 16h.<\/p>\n<p>&nbsp;<\/p>\n<p><strong>Vacina\u00e7\u00e3o de refor\u00e7o para idosos com 60 anos ou mais que receberam a segunda dose h\u00e1 4 meses (4 de outubro) ou antes<\/strong><\/p>\n<p>Espa\u00e7o Cidade, das 13h \u00e0s 19h; 6 unidades\u00a0 de 13h \u00e0s 16h, Col\u00e9gio dos Jesu\u00edtas, das 13h \u00e0s 17h; Pra\u00e7a CEU e Escola Municipal Tancredo Neves, das 13h \u00e0s 16h; e no DSI, das 8h \u00e0s 11h.<\/p>\n<p>&nbsp;<\/p>\n<p><strong>Vacina\u00e7\u00e3o de refor\u00e7o para pessoas com 18 anos ou mais que receberam a segunda dose h\u00e1 4 meses (4 de outubro) ou antes<\/strong><\/p>\n<p>Espa\u00e7o Cidade, das 13h \u00e0s 19h\u00a0 e em outras 6 unidades, de 13h \u00e0s 16h, Col\u00e9gio dos Jesu\u00edtas, das 13h \u00e0s 17h;\u00a0 Pra\u00e7a CEU e Escola Municipal Tancredo Neves, das 13h \u00e0s 16h.<\/p>\n<p>&nbsp;<\/p>\n<p><strong>Vacina\u00e7\u00e3o de refor\u00e7o para imunossuprimidos que receberam a segunda dose h\u00e1 pelo menos 28 dias<\/strong><\/p>\n<p>Espa\u00e7o Cidade, das 13h \u00e0s 19h; e em outras 6 unidades, de 13h \u00e0s 16h, Col\u00e9gio dos Jesu\u00edtas, das 13h \u00e0s 17h; Pra\u00e7a CEU e Escola Municipal Tancredo Neves, das 13h \u00e0s 16h.<\/p>\n<p>&nbsp;<\/p>\n<p><strong>Segundas doses de AstraZeneca para as pessoas com retorno no agendado no cart\u00e3o para o dia 4 de fevereiro ou em data anterior<\/strong><\/p>\n<p>Espa\u00e7o Cidade, das 13h \u00e0s 19h.<\/p>\n<p>&nbsp;<\/p>\n<p><strong>Segundas doses de Coronavac para pessoas com retorno agendado no cart\u00e3o no dia 4 de fevereiro ou data anterior<\/strong><\/p>\n<p>Espa\u00e7o Cidade, das 13h \u00e0s 19h.<\/p>\n<p>&nbsp;<\/p>\n<p><strong>Segundas doses de Janssen para todas as pessoas que foram vacinadas no dia 19 de outubro ou antes<\/strong><\/p>\n<p>Espa\u00e7o Cidade, das 13h \u00e0s 19h.<\/p>\n<p>&nbsp;<\/p>\n<p><strong>Segundas doses de Pfizer para todos que receberam a primeira dose at\u00e9 o dia 14 de janeiro ou data anterior<\/strong><\/p>\n<p>Espa\u00e7o Cidade, das 13h \u00e0s 19h, 6 unidades de 13h \u00e0s 16h, Col\u00e9gio dos Jesu\u00edtas, das 13h \u00e0s 17h; Pra\u00e7a CEU e Escola Municipal Tancredo Neves, das 13h \u00e0s 16h.<\/p>\n<p>&nbsp;<\/p>\n<p><strong>Endere\u00e7os dos locais de vacina\u00e7\u00e3o<\/strong><\/p>\n<p><strong>Pra\u00e7a CEU &#8211; 13h \u00e0s 16h<\/strong><\/p>\n<p><strong>Col\u00e9gio dos Jesu\u00edtas &#8211; 13h \u00e0s 17h<\/strong><\/p>\n<p>Av. Presidente Itamar Franco, 1600 &#8211; Centro,<\/p>\n<p><strong>Departamento de Sa\u00fade do Idoso (DSI)*\u00a0<\/strong>&#8211; das 8h \u00e0s 11h<\/p>\n<p>Rua Batista de Oliveira, 943, Granbery.<\/p>\n<p>*O\u00a0<strong>Departamento de Sa\u00fade do Idoso\u00a0<\/strong>realiza a vacina\u00e7\u00e3o dos idosos a partir de 60 anos que tenham que receber primeira, segunda dose ou a vacina de refor\u00e7o.<\/p>\n<p><strong>Espa\u00e7o Cidade, das 13h \u00e0s 19h<\/strong><\/p>\n<p>Av. Bar\u00e3o do Rio Branco, 2234.<\/p>\n<p><strong>Escola Municipal Tancredo Neves &#8211; 13h \u00e0s 16h<\/strong><\/p>\n<p>Rua Jos\u00e9 Louren\u00e7o Kelmer, 1433 &#8211; S\u00e3o Pedro<\/p>\n<p>&nbsp;<\/p>\n<p><strong>6 UBSs que vacinam adultos de 13h \u00e0s 16h:\u00a0<\/strong><\/p>\n<p>UBS Nossa Senhora de Lourdes<\/p>\n<p>UBS Nossa Senhora Aparecida<\/p>\n<p>UBS Milho Branco<\/p>\n<p>UBS Nossa Senhora das Gra\u00e7as<\/p>\n<p>UBS Teixeiras<\/p>\n<p>UBS Nova Era<\/p>\n","protected":false},"excerpt":{"rendered":"<p>Segundo informa\u00e7\u00f5es do site da Prefeitura de Juiz de Fora, a campanha de imuniza\u00e7\u00e3o contra a Covid-19 da Secretaria de Sa\u00fade (SS) da Prefeitura de Juiz de Fora (PJF) continua nesta sexta-feira, 4. Os locais de imuniza\u00e7\u00e3o continuam os mesmos, sendo na parte da manh\u00e3, das 8h \u00e0s 11h, destinadas \u00e0s crian\u00e7as, e no per\u00edodo [&hellip;]<\/p>\n","protected":false},"author":246,"featured_media":194571,"comment_status":"closed","ping_status":"closed","sticky":false,"template":"","format":"standard","meta":{"footnotes":""},"categories":[253,436,439],"tags":[],"class_list":["post-194570","post","type-post","status-publish","format-standard","has-post-thumbnail","hentry","category-cidade","category-destaque-da-semana","category-ultima-hora"],"_links":{"self":[{"href":"https:\/\/diarioregionaldigital.com.br\/index.php?rest_route=\/wp\/v2\/posts\/194570","targetHints":{"allow":["GET"]}}],"collection":[{"href":"https:\/\/diarioregionaldigital.com.br\/index.php?rest_route=\/wp\/v2\/posts"}],"about":[{"href":"https:\/\/diarioregionaldigital.com.br\/index.php?rest_route=\/wp\/v2\/types\/post"}],"author":[{"embeddable":true,"href":"https:\/\/diarioregionaldigital.com.br\/index.php?rest_route=\/wp\/v2\/users\/246"}],"replies":[{"embeddable":true,"href":"https:\/\/diarioregionaldigital.com.br\/index.php?rest_route=%2Fwp%2Fv2%2Fcomments&post=194570"}],"version-history":[{"count":1,"href":"https:\/\/diarioregionaldigital.com.br\/index.php?rest_route=\/wp\/v2\/posts\/194570\/revisions"}],"predecessor-version":[{"id":194572,"href":"https:\/\/diarioregionaldigital.com.br\/index.php?rest_route=\/wp\/v2\/posts\/194570\/revisions\/194572"}],"wp:featuredmedia":[{"embeddable":true,"href":"https:\/\/diarioregionaldigital.com.br\/index.php?rest_route=\/wp\/v2\/media\/194571"}],"wp:attachment":[{"href":"https:\/\/diarioregionaldigital.com.br\/index.php?rest_route=%2Fwp%2Fv2%2Fmedia&parent=194570"}],"wp:term":[{"taxonomy":"category","embeddable":true,"href":"https:\/\/diarioregionaldigital.com.br\/index.php?rest_route=%2Fwp%2Fv2%2Fcategories&post=194570"},{"taxonomy":"post_tag","embeddable":true,"href":"https:\/\/diarioregionaldigital.com.br\/index.php?rest_route=%2Fwp%2Fv2%2Ftags&post=194570"}],"curies":[{"name":"wp","href":"https:\/\/api.w.org\/{rel}","templated":true}]}}