{"id":194567,"date":"2022-02-03T16:10:06","date_gmt":"2022-02-03T19:10:06","guid":{"rendered":"https:\/\/diarioregionaldigital.com.br\/?p=194567"},"modified":"2022-02-03T16:10:06","modified_gmt":"2022-02-03T19:10:06","slug":"corinthians-demite-sylvinho-apos-tres-rodadas-do-paulistao","status":"publish","type":"post","link":"https:\/\/diarioregionaldigital.com.br\/?p=194567","title":{"rendered":"Corinthians demite Sylvinho ap\u00f3s tr\u00eas rodadas do Paulist\u00e3o"},"content":{"rendered":"<p>O t\u00e9cnico Sylvinho n\u00e3o \u00e9 mais o t\u00e9cnico do Corinthians. A diretoria do clube paulista resolveu demiti-lo ap\u00f3s derrota, de virada, contra o Santos, por 2 a 1, na noite desta\u00a0quarta-feira (2) \u00a0na Neo Qu\u00edmica Arena, na capital paulista.\u00a0<img decoding=\"async\" src=\"https:\/\/agenciabrasil.ebc.com.br\/ebc.png?id=1440169&amp;o=node\" \/><img decoding=\"async\" src=\"https:\/\/agenciabrasil.ebc.com.br\/ebc.gif?id=1440169&amp;o=node\" \/><\/p>\n<p>A decis\u00e3o tomada pela diretoria corintiana ocorreu\u00a0ainda\u00a0ontem, no vesti\u00e1rio do est\u00e1dio. Em vez de entrevista coletiva do treinador\u00a0ap\u00f3s o jogo, como \u00e9 praxe, quem apareceu na sala de imprensa foi o presidente do clube Duilio Monteiro Alves para fazer o comunicado da demiss\u00e3o de Sylvinho.<\/p>\n<p>A demiss\u00e3o confronta a opini\u00e3o repetida ao longo do tempo de que o Campeonato Estadual n\u00e3o tem valor, pois a dispensa do profissional\u00a0ocorreu com apenas tr\u00eas jogos na competi\u00e7\u00e3o. Nestes confrontos, os corintianos ganharam uma (Santo Andr\u00e9), empataram uma (Ferrovi\u00e1ria) e perderam tamb\u00e9m uma (Santos).<\/p>\n<p>Sylvinho, ex-jogador do Corinthians, assumiu o comando t\u00e9cnico do clube\u00a0em maio do ano passado, tendo disputado 43 jogos. A campanha dele neste per\u00edodo foi a seguinte: 16 vit\u00f3rias, 14 empates e 13 derrotas. O Tim\u00e3o marcou 42 gols e sofreu 40.<\/p>\n<p>Fonte: Ag\u00eancia Brasil<\/p>\n","protected":false},"excerpt":{"rendered":"<p>O t\u00e9cnico Sylvinho n\u00e3o \u00e9 mais o t\u00e9cnico do Corinthians. A diretoria do clube paulista resolveu demiti-lo ap\u00f3s derrota, de virada, contra o Santos, por 2 a 1, na noite desta\u00a0quarta-feira (2) \u00a0na Neo Qu\u00edmica Arena, na capital paulista.\u00a0 A decis\u00e3o tomada pela diretoria corintiana ocorreu\u00a0ainda\u00a0ontem, no vesti\u00e1rio do est\u00e1dio. Em vez de entrevista coletiva [&hellip;]<\/p>\n","protected":false},"author":246,"featured_media":194568,"comment_status":"closed","ping_status":"closed","sticky":false,"template":"","format":"standard","meta":{"footnotes":""},"categories":[436,257,439],"tags":[],"class_list":["post-194567","post","type-post","status-publish","format-standard","has-post-thumbnail","hentry","category-destaque-da-semana","category-esporte","category-ultima-hora"],"_links":{"self":[{"href":"https:\/\/diarioregionaldigital.com.br\/index.php?rest_route=\/wp\/v2\/posts\/194567","targetHints":{"allow":["GET"]}}],"collection":[{"href":"https:\/\/diarioregionaldigital.com.br\/index.php?rest_route=\/wp\/v2\/posts"}],"about":[{"href":"https:\/\/diarioregionaldigital.com.br\/index.php?rest_route=\/wp\/v2\/types\/post"}],"author":[{"embeddable":true,"href":"https:\/\/diarioregionaldigital.com.br\/index.php?rest_route=\/wp\/v2\/users\/246"}],"replies":[{"embeddable":true,"href":"https:\/\/diarioregionaldigital.com.br\/index.php?rest_route=%2Fwp%2Fv2%2Fcomments&post=194567"}],"version-history":[{"count":1,"href":"https:\/\/diarioregionaldigital.com.br\/index.php?rest_route=\/wp\/v2\/posts\/194567\/revisions"}],"predecessor-version":[{"id":194569,"href":"https:\/\/diarioregionaldigital.com.br\/index.php?rest_route=\/wp\/v2\/posts\/194567\/revisions\/194569"}],"wp:featuredmedia":[{"embeddable":true,"href":"https:\/\/diarioregionaldigital.com.br\/index.php?rest_route=\/wp\/v2\/media\/194568"}],"wp:attachment":[{"href":"https:\/\/diarioregionaldigital.com.br\/index.php?rest_route=%2Fwp%2Fv2%2Fmedia&parent=194567"}],"wp:term":[{"taxonomy":"category","embeddable":true,"href":"https:\/\/diarioregionaldigital.com.br\/index.php?rest_route=%2Fwp%2Fv2%2Fcategories&post=194567"},{"taxonomy":"post_tag","embeddable":true,"href":"https:\/\/diarioregionaldigital.com.br\/index.php?rest_route=%2Fwp%2Fv2%2Ftags&post=194567"}],"curies":[{"name":"wp","href":"https:\/\/api.w.org\/{rel}","templated":true}]}}