{"id":194564,"date":"2022-02-03T16:08:51","date_gmt":"2022-02-03T19:08:51","guid":{"rendered":"https:\/\/diarioregionaldigital.com.br\/?p=194564"},"modified":"2022-02-03T16:08:51","modified_gmt":"2022-02-03T19:08:51","slug":"marinho-marca-na-estreia-e-flamengo-bate-boavista-por-3-a-0","status":"publish","type":"post","link":"https:\/\/diarioregionaldigital.com.br\/?p=194564","title":{"rendered":"Marinho marca na estreia e Flamengo bate Boavista por 3 a 0"},"content":{"rendered":"<p>Com gol do estreante Marinho, o Flamengo derrotou o Boavista por 3 a 0, nesta quarta-feira (2) no est\u00e1dio Raulino Oliveira, em Volta Redonda, e ficou na lideran\u00e7a da Ta\u00e7a Guanabara do Campeonato Carioca com 7 pontos.<img decoding=\"async\" src=\"https:\/\/agenciabrasil.ebc.com.br\/ebc.png?id=1440125&amp;o=node\" \/><img decoding=\"async\" src=\"https:\/\/agenciabrasil.ebc.com.br\/ebc.gif?id=1440125&amp;o=node\" \/><\/p>\n<p>Tendo o t\u00e9cnico portugu\u00eas Paulo Souza pela primeira vez na beira do gramado, o Rubro-Negro entrou em campo com uma forma\u00e7\u00e3o diferente, atuando com tr\u00eas zagueiros e com v\u00e1rios jogadores que n\u00e3o eram considerados titulares na \u00faltima temporada, entre eles Vitinho, que se destacou com tr\u00eas assist\u00eancias.<\/p>\n<p>A vit\u00f3ria do Flamengo come\u00e7ou a ser constru\u00edda aos 21 minutos da etapa inicial, quando Vitinho cruzou para Marinho acertar de primeira e marcar seu primeiro gol com a camisa da equipe da G\u00e1vea. O placar foi completado na etapa final, gra\u00e7as a Gabriel Barbosa e Pedro.<\/p>\n<p>O Flamengo volta a entrar em campo pelo Carioca no domingo (6), quando disputa cl\u00e1ssico com o Fluminense no est\u00e1dio Nilton Santos.<\/p>\n<h2>Brilho de Nen\u00ea<\/h2>\n<p>A vice-lideran\u00e7a da competi\u00e7\u00e3o est\u00e1 com o Vasco, que, em S\u00e3o Janu\u00e1rio, bateu o Nova Igua\u00e7u por 3 a 2 contando com o brilho de Nen\u00ea, que marcou dois gols. O camisa 9 Raniel marcou o terceiro. Samuel Granada garantiu os gols dos visitantes. Com o resultado o Cruzmaltino tem os mesmos 7 pontos do Flamengo, mas um saldo de gols pior.<\/p>\n<p>Fonte: Ag\u00eancia Brasil<\/p>\n","protected":false},"excerpt":{"rendered":"<p>Com gol do estreante Marinho, o Flamengo derrotou o Boavista por 3 a 0, nesta quarta-feira (2) no est\u00e1dio Raulino Oliveira, em Volta Redonda, e ficou na lideran\u00e7a da Ta\u00e7a Guanabara do Campeonato Carioca com 7 pontos. Tendo o t\u00e9cnico portugu\u00eas Paulo Souza pela primeira vez na beira do gramado, o Rubro-Negro entrou em campo [&hellip;]<\/p>\n","protected":false},"author":246,"featured_media":194565,"comment_status":"closed","ping_status":"closed","sticky":false,"template":"","format":"standard","meta":{"footnotes":""},"categories":[436,257,439],"tags":[],"class_list":["post-194564","post","type-post","status-publish","format-standard","has-post-thumbnail","hentry","category-destaque-da-semana","category-esporte","category-ultima-hora"],"_links":{"self":[{"href":"https:\/\/diarioregionaldigital.com.br\/index.php?rest_route=\/wp\/v2\/posts\/194564","targetHints":{"allow":["GET"]}}],"collection":[{"href":"https:\/\/diarioregionaldigital.com.br\/index.php?rest_route=\/wp\/v2\/posts"}],"about":[{"href":"https:\/\/diarioregionaldigital.com.br\/index.php?rest_route=\/wp\/v2\/types\/post"}],"author":[{"embeddable":true,"href":"https:\/\/diarioregionaldigital.com.br\/index.php?rest_route=\/wp\/v2\/users\/246"}],"replies":[{"embeddable":true,"href":"https:\/\/diarioregionaldigital.com.br\/index.php?rest_route=%2Fwp%2Fv2%2Fcomments&post=194564"}],"version-history":[{"count":1,"href":"https:\/\/diarioregionaldigital.com.br\/index.php?rest_route=\/wp\/v2\/posts\/194564\/revisions"}],"predecessor-version":[{"id":194566,"href":"https:\/\/diarioregionaldigital.com.br\/index.php?rest_route=\/wp\/v2\/posts\/194564\/revisions\/194566"}],"wp:featuredmedia":[{"embeddable":true,"href":"https:\/\/diarioregionaldigital.com.br\/index.php?rest_route=\/wp\/v2\/media\/194565"}],"wp:attachment":[{"href":"https:\/\/diarioregionaldigital.com.br\/index.php?rest_route=%2Fwp%2Fv2%2Fmedia&parent=194564"}],"wp:term":[{"taxonomy":"category","embeddable":true,"href":"https:\/\/diarioregionaldigital.com.br\/index.php?rest_route=%2Fwp%2Fv2%2Fcategories&post=194564"},{"taxonomy":"post_tag","embeddable":true,"href":"https:\/\/diarioregionaldigital.com.br\/index.php?rest_route=%2Fwp%2Fv2%2Ftags&post=194564"}],"curies":[{"name":"wp","href":"https:\/\/api.w.org\/{rel}","templated":true}]}}