{"id":194561,"date":"2022-02-03T16:07:24","date_gmt":"2022-02-03T19:07:24","guid":{"rendered":"https:\/\/diarioregionaldigital.com.br\/?p=194561"},"modified":"2022-02-03T16:07:24","modified_gmt":"2022-02-03T19:07:24","slug":"mineiro-atletico-mg-mostra-forca-e-goleia-uberlandia","status":"publish","type":"post","link":"https:\/\/diarioregionaldigital.com.br\/?p=194561","title":{"rendered":"Mineiro: Atl\u00e9tico-MG mostra for\u00e7a e goleia Uberl\u00e2ndia"},"content":{"rendered":"<p>Mesmo com um time alternativo, o Atl\u00e9tico-MG goleou o Uberl\u00e2ndia por 4 a 0, nesta quarta-feira (2) no Parque do Sabi\u00e1, e assumiu a lideran\u00e7a do Campeonato Mineiro com 7 pontos. A vice-lideran\u00e7a da competi\u00e7\u00e3o \u00e9 do Am\u00e9rica-MG, que bateu o Cruzeiro por 2 a 0 no Mineir\u00e3o no encerramento da 3\u00aa rodada.<img decoding=\"async\" src=\"https:\/\/agenciabrasil.ebc.com.br\/ebc.png?id=1440122&amp;o=node\" \/><img decoding=\"async\" src=\"https:\/\/agenciabrasil.ebc.com.br\/ebc.gif?id=1440122&amp;o=node\" \/><\/p>\n<p>Ainda sem contar com nomes importantes, como os atacantes Keno e Hulk, o meia Nacho, o goleiro Everson e o zagueiro God\u00edn, o t\u00e9cnico Antonio Mohamed teve que usar algumas pe\u00e7as alternativas. Mas isso n\u00e3o foi problema para o atual campe\u00e3o Brasileiro e da Copa do Brasil, que abriu o placar com dois minutos, quando Eduardo Sasha marcou com liberdade ap\u00f3s receber de F\u00e1bio Gomes. Nove minutos depois Arana ampliou a vantagem do Galo em cobran\u00e7a de p\u00eanalti.<\/p>\n<p>Na etapa final o Atl\u00e9tico-MG continuou muito superior e chegou \u00e0 goleada gra\u00e7as a gols de F\u00e1bio Gomes e Ademir. O placar poderia ter sido ainda mais el\u00e1stico, mas o goleiro Roballo defendeu p\u00eanalti cobrado por Echarpor\u00e3.<\/p>\n<h2>Trope\u00e7o da Raposa<\/h2>\n<p>Quem trope\u00e7ou em casa na rodada foi o Cruzeiro, que perdeu de 2 a 0 para o Am\u00e9rica-MG. O Coelho venceu gra\u00e7as a gols de Al\u00ea e Patric.<\/p>\n<p>Fonte: Ag\u00eancia Brasil<\/p>\n","protected":false},"excerpt":{"rendered":"<p>Mesmo com um time alternativo, o Atl\u00e9tico-MG goleou o Uberl\u00e2ndia por 4 a 0, nesta quarta-feira (2) no Parque do Sabi\u00e1, e assumiu a lideran\u00e7a do Campeonato Mineiro com 7 pontos. A vice-lideran\u00e7a da competi\u00e7\u00e3o \u00e9 do Am\u00e9rica-MG, que bateu o Cruzeiro por 2 a 0 no Mineir\u00e3o no encerramento da 3\u00aa rodada. Ainda sem [&hellip;]<\/p>\n","protected":false},"author":246,"featured_media":194562,"comment_status":"closed","ping_status":"closed","sticky":false,"template":"","format":"standard","meta":{"footnotes":""},"categories":[436,257,439],"tags":[],"class_list":["post-194561","post","type-post","status-publish","format-standard","has-post-thumbnail","hentry","category-destaque-da-semana","category-esporte","category-ultima-hora"],"_links":{"self":[{"href":"https:\/\/diarioregionaldigital.com.br\/index.php?rest_route=\/wp\/v2\/posts\/194561","targetHints":{"allow":["GET"]}}],"collection":[{"href":"https:\/\/diarioregionaldigital.com.br\/index.php?rest_route=\/wp\/v2\/posts"}],"about":[{"href":"https:\/\/diarioregionaldigital.com.br\/index.php?rest_route=\/wp\/v2\/types\/post"}],"author":[{"embeddable":true,"href":"https:\/\/diarioregionaldigital.com.br\/index.php?rest_route=\/wp\/v2\/users\/246"}],"replies":[{"embeddable":true,"href":"https:\/\/diarioregionaldigital.com.br\/index.php?rest_route=%2Fwp%2Fv2%2Fcomments&post=194561"}],"version-history":[{"count":1,"href":"https:\/\/diarioregionaldigital.com.br\/index.php?rest_route=\/wp\/v2\/posts\/194561\/revisions"}],"predecessor-version":[{"id":194563,"href":"https:\/\/diarioregionaldigital.com.br\/index.php?rest_route=\/wp\/v2\/posts\/194561\/revisions\/194563"}],"wp:featuredmedia":[{"embeddable":true,"href":"https:\/\/diarioregionaldigital.com.br\/index.php?rest_route=\/wp\/v2\/media\/194562"}],"wp:attachment":[{"href":"https:\/\/diarioregionaldigital.com.br\/index.php?rest_route=%2Fwp%2Fv2%2Fmedia&parent=194561"}],"wp:term":[{"taxonomy":"category","embeddable":true,"href":"https:\/\/diarioregionaldigital.com.br\/index.php?rest_route=%2Fwp%2Fv2%2Fcategories&post=194561"},{"taxonomy":"post_tag","embeddable":true,"href":"https:\/\/diarioregionaldigital.com.br\/index.php?rest_route=%2Fwp%2Fv2%2Ftags&post=194561"}],"curies":[{"name":"wp","href":"https:\/\/api.w.org\/{rel}","templated":true}]}}