{"id":194555,"date":"2022-02-03T15:54:17","date_gmt":"2022-02-03T18:54:17","guid":{"rendered":"https:\/\/diarioregionaldigital.com.br\/?p=194555"},"modified":"2022-02-03T15:54:17","modified_gmt":"2022-02-03T18:54:17","slug":"educacao-divulga-resultado-da-selecao-de-profissionais-de-magisterio","status":"publish","type":"post","link":"https:\/\/diarioregionaldigital.com.br\/?p=194555","title":{"rendered":"Educa\u00e7\u00e3o divulga resultado da sele\u00e7\u00e3o de profissionais de magist\u00e9rio"},"content":{"rendered":"<p>A\u00a0<a href=\"https:\/\/www2.educacao.mg.gov.br\/\" target=\"_blank\" rel=\"noopener\">Secretaria de Educa\u00e7\u00e3o de Minas Gerais (SEE-MG)<\/a>\u00a0informa que os candidatos que conclu\u00edram a etapa de escolha de vagas no processo de convoca\u00e7\u00e3o on-line de profissionais de magist\u00e9rio para atuarem na rede p\u00fablica estadual de ensino no ano letivo de 2022 devem ficar atentos. J\u00e1 est\u00e1 dispon\u00edvel o resultado da primeira rodada de atribui\u00e7\u00e3o de vagas. Na sexta-feira (4\/2), os profissionais selecionados dever\u00e3o comparecer \u00e0 unidade de ensino indicada para a entrega da documenta\u00e7\u00e3o e assinatura do Quadro Informativo (QI) e do Termo de Convoca\u00e7\u00e3o.<\/p>\n<p>Os resultados podem ser consultados no endere\u00e7o eletr\u00f4nico\u00a0<a href=\"http:\/\/www.see.processoseletivo.educacao.mg.gov.br\/\" target=\"_blank\" rel=\"noopener\">www.see.processoseletivo.educacao.mg.gov.br\/<\/a>.<\/p>\n<p>Participam da convoca\u00e7\u00e3o on-line os inscritos para as seguintes fun\u00e7\u00f5es: Professor de Educa\u00e7\u00e3o B\u00e1sica (PEB) Regente de Aulas; Professor de Educa\u00e7\u00e3o B\u00e1sica (PEB) Regente de Turma \/ Eventual \/ Professor para Ensino do Uso da Biblioteca (PEUB), Especialista em Educa\u00e7\u00e3o B\u00e1sica (EEB) e Analista Educacional \/ Inspetor Escolar (ANE\/IE).<\/p>\n<p><strong>Entrega da documenta\u00e7\u00e3o<\/strong><\/p>\n<p>Na rodada inicial, os candidatos escolheram as vagas de acordo com munic\u00edpios, conte\u00fados e \/ ou fun\u00e7\u00f5es. O candidato selecionado no processo on-line recebeu no e-mail cadastrado no ato da sua inscri\u00e7\u00e3o a informa\u00e7\u00e3o da unidade de exerc\u00edcio em que dever\u00e1 se apresentar, munido da documenta\u00e7\u00e3o comprobat\u00f3ria.<\/p>\n<p>Caso os documentos comprobat\u00f3rios n\u00e3o estejam em conformidade com a Resolu\u00e7\u00e3o SEE n\u00ba 4.693\/2022, a vaga n\u00e3o preenchida retornar\u00e1 ao sistema on-line para a rodada subsequente de atribui\u00e7\u00e3o de vagas aos n\u00e3o contemplados. O candidato selecionado que n\u00e3o comparecer \u00e0 unidade de exerc\u00edcio ser\u00e1 desclassificado e n\u00e3o concorrer\u00e1 na segunda rodada.<\/p>\n<p>Al\u00e9m disso, ficar\u00e1 impedido de nova convoca\u00e7\u00e3o pelo prazo de 90 dias o candidato que, ap\u00f3s a assinatura do QI e do Termo de Convoca\u00e7\u00e3o, n\u00e3o comparecer \u00e0 unidade de ensino no dia determinado para assumir o exerc\u00edcio da fun\u00e7\u00e3o escolhida, conforme disposto no artigo 37 da Resolu\u00e7\u00e3o SEE n\u00ba4.693\/2022.<\/p>\n<p><strong>Cronograma completo<\/strong><\/p>\n<p>O per\u00edodo de convoca\u00e7\u00e3o come\u00e7ou em 23\/1 e os interessados tiveram at\u00e9 26 do mesmo m\u00eas para fazer a escolha das vagas no sistema on-line. A partir desta quarta-feira (3\/2) \u00e9 divulgado o resultado da primeira rodada de atribui\u00e7\u00f5es de vagas da convoca\u00e7\u00e3o on-line.<\/p>\n<p>Na sexta-feira (4\/2), ocorrer\u00e1 a apresenta\u00e7\u00e3o do candidato na primeira rodada, na unidade de exerc\u00edcio, com documenta\u00e7\u00e3o completa para assinatura do QI e do Termo de Convoca\u00e7\u00e3o, quando for o caso.<\/p>\n<p>Em 11\/2, sair\u00e1 o resultado da segunda rodada de atribui\u00e7\u00f5es de vagas. No dia 14\/2, ser\u00e1 a apresenta\u00e7\u00e3o do candidato selecionado na segunda rodada da convoca\u00e7\u00e3o on-line na unidade de exerc\u00edcio, munido dos documentos necess\u00e1rios.<\/p>\n<p>Fonte: Ag\u00eancia Brasil<\/p>\n","protected":false},"excerpt":{"rendered":"<p>A\u00a0Secretaria de Educa\u00e7\u00e3o de Minas Gerais (SEE-MG)\u00a0informa que os candidatos que conclu\u00edram a etapa de escolha de vagas no processo de convoca\u00e7\u00e3o on-line de profissionais de magist\u00e9rio para atuarem na rede p\u00fablica estadual de ensino no ano letivo de 2022 devem ficar atentos. J\u00e1 est\u00e1 dispon\u00edvel o resultado da primeira rodada de atribui\u00e7\u00e3o de vagas. [&hellip;]<\/p>\n","protected":false},"author":246,"featured_media":194556,"comment_status":"closed","ping_status":"closed","sticky":false,"template":"","format":"standard","meta":{"footnotes":""},"categories":[436,254,439],"tags":[],"class_list":["post-194555","post","type-post","status-publish","format-standard","has-post-thumbnail","hentry","category-destaque-da-semana","category-politica","category-ultima-hora"],"_links":{"self":[{"href":"https:\/\/diarioregionaldigital.com.br\/index.php?rest_route=\/wp\/v2\/posts\/194555","targetHints":{"allow":["GET"]}}],"collection":[{"href":"https:\/\/diarioregionaldigital.com.br\/index.php?rest_route=\/wp\/v2\/posts"}],"about":[{"href":"https:\/\/diarioregionaldigital.com.br\/index.php?rest_route=\/wp\/v2\/types\/post"}],"author":[{"embeddable":true,"href":"https:\/\/diarioregionaldigital.com.br\/index.php?rest_route=\/wp\/v2\/users\/246"}],"replies":[{"embeddable":true,"href":"https:\/\/diarioregionaldigital.com.br\/index.php?rest_route=%2Fwp%2Fv2%2Fcomments&post=194555"}],"version-history":[{"count":1,"href":"https:\/\/diarioregionaldigital.com.br\/index.php?rest_route=\/wp\/v2\/posts\/194555\/revisions"}],"predecessor-version":[{"id":194557,"href":"https:\/\/diarioregionaldigital.com.br\/index.php?rest_route=\/wp\/v2\/posts\/194555\/revisions\/194557"}],"wp:featuredmedia":[{"embeddable":true,"href":"https:\/\/diarioregionaldigital.com.br\/index.php?rest_route=\/wp\/v2\/media\/194556"}],"wp:attachment":[{"href":"https:\/\/diarioregionaldigital.com.br\/index.php?rest_route=%2Fwp%2Fv2%2Fmedia&parent=194555"}],"wp:term":[{"taxonomy":"category","embeddable":true,"href":"https:\/\/diarioregionaldigital.com.br\/index.php?rest_route=%2Fwp%2Fv2%2Fcategories&post=194555"},{"taxonomy":"post_tag","embeddable":true,"href":"https:\/\/diarioregionaldigital.com.br\/index.php?rest_route=%2Fwp%2Fv2%2Ftags&post=194555"}],"curies":[{"name":"wp","href":"https:\/\/api.w.org\/{rel}","templated":true}]}}