{"id":194552,"date":"2022-02-03T15:53:03","date_gmt":"2022-02-03T18:53:03","guid":{"rendered":"https:\/\/diarioregionaldigital.com.br\/?p=194552"},"modified":"2022-02-03T15:53:03","modified_gmt":"2022-02-03T18:53:03","slug":"divulgada-lista-de-vencedores-do-2o-premio-da-musica-popular-mineira","status":"publish","type":"post","link":"https:\/\/diarioregionaldigital.com.br\/?p=194552","title":{"rendered":"Divulgada lista de vencedores do 2\u00ba Pr\u00eamio da M\u00fasica Popular Mineira"},"content":{"rendered":"<p>A\u00a0<a href=\"http:\/\/www.inconfidencia.com.br\/\" target=\"_blank\" rel=\"noopener\">R\u00e1dio Inconfid\u00eancia<\/a>\u00a0divulga a lista de vencedores da segunda edi\u00e7\u00e3o do Pr\u00eamio da M\u00fasica Popular Mineira. Nove ganhadores s\u00e3o premiados por \u201cMelhor m\u00fasica\u201d e \u201cMelhor \u00e1lbum&#8221; nas \u00e1reas MPB; pop e rock; instrumental; regional, ind\u00edgena e afro mineira; e obras infantis. Os artistas foram selecionados por cinco jurados e recebem pr\u00eamios de R$ 7 mil nas categorias \u201cMelhor m\u00fasica\u201d e \u201cMelhor \u00e1lbum&#8221;, al\u00e9m de trof\u00e9us.<\/p>\n<p>O 2\u00ba Pr\u00eamio da M\u00fasica Popular Mineira contou com 420 inscri\u00e7\u00f5es de compositores, m\u00fasicos e int\u00e9rpretes mineiros. Desses, 269 foram habilitados para a sele\u00e7\u00e3o. O objetivo \u00e9 valorizar e reconhecer os talentos mineiros e promover a m\u00fasica produzida no estado. Os vencedores ainda v\u00e3o se apresentar em um espet\u00e1culo que ser\u00e1 transmitido pela R\u00e1dio Inconfid\u00eancia e\u00a0<a href=\"http:\/\/www.redeminas.tv\/\" target=\"_blank\" rel=\"noopener\">Rede Minas<\/a>, com data ainda a ser divulgada.<\/p>\n<p>Confira a lista de ganhadores:<\/p>\n<p>&nbsp;<\/p>\n<blockquote><p><strong><em>Ganhadores na categoria MELHOR M\u00daSICA:<\/em><\/strong><\/p>\n<p><u>Infantil<\/u>: Pulando com os caboclos\u00a0<em>(Proponente: Aline Calixto)<\/em><br \/>\n<u>Instrumental<\/u>: Oscar, Martin, Jos\u00e9\u00a0<em>(Proponente: Fabr\u00edcio Conde)<\/em><br \/>\n<u>MPB e afins<\/u>: Raoni\u00a0<em>(Proponente: Ma\u00edra Manga)<\/em><br \/>\n<u>Pop, Rock e afins<\/u>: Contemporaneidade\u00a0<em>(Proponente: Max Ant\u00f4nio Vieira)<\/em><br \/>\n<em>Regional, Ind\u00edgena e Afromineira<\/em>: Sabarabu\u00e7u\u00a0<em>(Proponente: Alexandre Jos\u00e9 Pinheiro Neto)<\/em><\/p>\n<p><strong>Ganhadores na categoria MELHOR \u00c1LBUM:<\/strong><\/p>\n<p><u>Instrumental<\/u>: Seiva\u00a0<em>(Proponente: Duo Mitre)<\/em><br \/>\n<u>MPB e afins<\/u>: Sete Cores\u00a0<em>(Proponente: Marinho Sam)<\/em><br \/>\n<u>Pop, Rock e afins<\/u>: Terra Vista da Lua\u00a0<em>(Proponente: Felipe de Oliveira)<\/em><br \/>\n<u>Regional, Ind\u00edgena e Afromineira<\/u>: Cora\u00e7\u00e3o de Marujo\u00a0<em>(Proponente: S\u00e9rgio Perer\u00ea)<\/em><\/p><\/blockquote>\n<p>&nbsp;<\/p>\n<p><strong>Sobre o II Pr\u00eamio da M\u00fasica Popular Mineira<\/strong><\/p>\n<p>O II Pr\u00eamio da M\u00fasica Popular Mineira \u00e9 promovido pela Empresa Mineira de Comunica\u00e7\u00e3o (EMC), vinculada \u00e0\u00a0<a href=\"http:\/\/www.secult.mg.gov.br\/\" target=\"_blank\" rel=\"noopener\">Secretaria de Estado de Cultura e Turismo de Minas Gerais (Secult)<\/a>, por meio da R\u00e1dio Inconfid\u00eancia. Viabilizado pela Lei Estadual de Incentivo \u00e0 Cultura de Minas Gerais, o edital tem patroc\u00ednio da\u00a0<a href=\"http:\/\/www.cemig.com.br\/\" target=\"_blank\" rel=\"noopener\">Cemig<\/a>.<\/p>\n<p>A a\u00e7\u00e3o faz parte do \u201cDescentra Cultura\u201d, plano da Secult de regionaliza\u00e7\u00e3o e democratiza\u00e7\u00e3o ao acesso aos bens e servi\u00e7os da Cultura visando \u00e0 descentraliza\u00e7\u00e3o de recursos, forma\u00e7\u00e3o e atividades culturais pelos munic\u00edpios mineiros.<\/p>\n<p>Esta edi\u00e7\u00e3o \u00e9 uma homenagem ao compositor Fernando Brant, que comemoraria 75 anos em 2021, quando foi lan\u00e7ada a premia\u00e7\u00e3o.<\/p>\n<p>Fonte: Ag\u00eancia Brasil<\/p>\n","protected":false},"excerpt":{"rendered":"<p>A\u00a0R\u00e1dio Inconfid\u00eancia\u00a0divulga a lista de vencedores da segunda edi\u00e7\u00e3o do Pr\u00eamio da M\u00fasica Popular Mineira. Nove ganhadores s\u00e3o premiados por \u201cMelhor m\u00fasica\u201d e \u201cMelhor \u00e1lbum&#8221; nas \u00e1reas MPB; pop e rock; instrumental; regional, ind\u00edgena e afro mineira; e obras infantis. Os artistas foram selecionados por cinco jurados e recebem pr\u00eamios de R$ 7 mil nas [&hellip;]<\/p>\n","protected":false},"author":246,"featured_media":194553,"comment_status":"closed","ping_status":"closed","sticky":false,"template":"","format":"standard","meta":{"footnotes":""},"categories":[436,254,439],"tags":[],"class_list":["post-194552","post","type-post","status-publish","format-standard","has-post-thumbnail","hentry","category-destaque-da-semana","category-politica","category-ultima-hora"],"_links":{"self":[{"href":"https:\/\/diarioregionaldigital.com.br\/index.php?rest_route=\/wp\/v2\/posts\/194552","targetHints":{"allow":["GET"]}}],"collection":[{"href":"https:\/\/diarioregionaldigital.com.br\/index.php?rest_route=\/wp\/v2\/posts"}],"about":[{"href":"https:\/\/diarioregionaldigital.com.br\/index.php?rest_route=\/wp\/v2\/types\/post"}],"author":[{"embeddable":true,"href":"https:\/\/diarioregionaldigital.com.br\/index.php?rest_route=\/wp\/v2\/users\/246"}],"replies":[{"embeddable":true,"href":"https:\/\/diarioregionaldigital.com.br\/index.php?rest_route=%2Fwp%2Fv2%2Fcomments&post=194552"}],"version-history":[{"count":1,"href":"https:\/\/diarioregionaldigital.com.br\/index.php?rest_route=\/wp\/v2\/posts\/194552\/revisions"}],"predecessor-version":[{"id":194554,"href":"https:\/\/diarioregionaldigital.com.br\/index.php?rest_route=\/wp\/v2\/posts\/194552\/revisions\/194554"}],"wp:featuredmedia":[{"embeddable":true,"href":"https:\/\/diarioregionaldigital.com.br\/index.php?rest_route=\/wp\/v2\/media\/194553"}],"wp:attachment":[{"href":"https:\/\/diarioregionaldigital.com.br\/index.php?rest_route=%2Fwp%2Fv2%2Fmedia&parent=194552"}],"wp:term":[{"taxonomy":"category","embeddable":true,"href":"https:\/\/diarioregionaldigital.com.br\/index.php?rest_route=%2Fwp%2Fv2%2Fcategories&post=194552"},{"taxonomy":"post_tag","embeddable":true,"href":"https:\/\/diarioregionaldigital.com.br\/index.php?rest_route=%2Fwp%2Fv2%2Ftags&post=194552"}],"curies":[{"name":"wp","href":"https:\/\/api.w.org\/{rel}","templated":true}]}}