{"id":194549,"date":"2022-02-03T15:47:57","date_gmt":"2022-02-03T18:47:57","guid":{"rendered":"https:\/\/diarioregionaldigital.com.br\/?p=194549"},"modified":"2022-02-03T15:47:57","modified_gmt":"2022-02-03T18:47:57","slug":"cemig-prorroga-campanha-de-negociacao-de-debitos-ate-18-2","status":"publish","type":"post","link":"https:\/\/diarioregionaldigital.com.br\/?p=194549","title":{"rendered":"Cemig prorroga Campanha de Negocia\u00e7\u00e3o de D\u00e9bitos at\u00e9 18\/2"},"content":{"rendered":"<p>A Campanha de Negocia\u00e7\u00e3o de D\u00e9bitos da\u00a0<a href=\"http:\/\/www.cemig.com.br\/\" target=\"_blank\" rel=\"noopener\">Cemig<\/a>\u00a0para clientes que foram atingidos pelas chuvas do in\u00edcio do ano em Minas Gerais foi prorrogada a at\u00e9 o dia 18 de fevereiro. Nesta oportunidade,\u00a0os clientes atendidos em baixa tens\u00e3o (at\u00e9 220 volts) podem parcelar suas contas em condi\u00e7\u00f5es especiais e em at\u00e9 12 vezes sem juros.\u00a0Para as unidades consumidoras inscritas no Programa Federal de Tarifa Social de Energia El\u00e9trica, os clientes podem aproveitar as condi\u00e7\u00f5es ainda mais especiais e pagar em at\u00e9 24 parcelas mensais, sem juros.<\/p>\n<p>Para fazer a negocia\u00e7\u00e3o e ficar em dia com a Cemig,\u00a0 os clientes podem fazer o parcelamento das contas de energia atrasadas em at\u00e9 12 vezes sem juros em seus canais digitais. Para esse benef\u00edcio, basta acessar o canal de atendimento\u00a0<a href=\"https:\/\/atende.cemig.com.br\/ParcelamentoDebitos\" target=\"_blank\" rel=\"noopener\">Cemig Atende Web<\/a>\u00a0ou WhatsApp (31-3506-1160). Nesta condi\u00e7\u00e3o, o cliente n\u00e3o poder\u00e1 possuir parcelamentos vigentes.<\/p>\n<p>Outra\u00a0op\u00e7\u00e3o de pagamento das contas em atraso em at\u00e9\u00a012 vezes sem juros \u00e9 por meio do cart\u00e3o de cr\u00e9dito, tanto no\u00a0Cemig Atende Web\u00a0quanto no\u00a0<a href=\"https:\/\/whats.link\/cemigatende\" target=\"_blank\" rel=\"noopener\">WhatsApp<\/a>\u00a0(mande um \u201coi\u201d para\u00a031-3506-1160, e em seguida digite\u00a0\u201cPagamento\u201d\u00a0e siga as instru\u00e7\u00f5es.). Nesta op\u00e7\u00e3o, os clientes podem apresentar parcelamento ativo com a companhia.<\/p>\n<p>\u201cAs condi\u00e7\u00f5es excepcionais oferecidas possibilitam aos clientes ficarem em dia com a Cemig, e com condi\u00e7\u00f5es que possibilitam que o or\u00e7amento financeiro da fam\u00edlia ou dos com\u00e9rcios n\u00e3o fique comprometido nesse momento\u201d, afirma o gerente de Arrecada\u00e7\u00e3o e Adimpl\u00eancia da Cemig, Wellington Fazzi Cancian.<\/p>\n<p>A\u00a0campanha \u00e9 v\u00e1lida tamb\u00e9m para todos os demais clientes atendidos em baixa tens\u00e3o (at\u00e9 220 volts) da Cemig, mesmo n\u00e3o impactados pelas tempestades.<\/p>\n<p><strong>Como fazer o parcelamento \u00a0\u00a0\u00a0\u00a0<\/strong><\/p>\n<p>As op\u00e7\u00f5es de parcelamento est\u00e3o dispon\u00edveis no Cemig Atende\u00a0Web, que pode ser acessado no site da companhia\u00a0(<a href=\"http:\/\/www.cemig.com.br\/\" target=\"_blank\" rel=\"noopener\">www.cemig.com.br<\/a>),\u00a0ou por meio de contato pelo WhatsApp (31 3506-1160), onde o cliente deve enviar um \u201cOi\u201d e digitar \u201cParcelamento\u201d.<\/p>\n<p>Pelo portal Cemig, basta realizar o login, selecionar a instala\u00e7\u00e3o que possui d\u00e9bito em aberto e, posteriormente, o servi\u00e7o \u201cSegunda Via e Pagamento de Contas\u201d. Em seguida, o cliente poder\u00e1 verificar se existe a op\u00e7\u00e3o de sele\u00e7\u00e3o de d\u00e9bitos e a possibilidade de realizar o pagamento com a utiliza\u00e7\u00e3o de cart\u00e3o de cr\u00e9dito.\u00a0Lembrando que, caso o cliente n\u00e3o possua parcelamento ativo, estar\u00e1 dispon\u00edvel a op\u00e7\u00e3o de parcelamento em at\u00e9 12x sem juros.<\/p>\n<p>&#8220;Na hora de efetuar o pagamento, sugerimos a utiliza\u00e7\u00e3o preferencial do c\u00f3digo PIX e por meio dos canais banc\u00e1rios digitais. Al\u00e9m disso, recomendamos que as pessoas aproveitem a oportunidade e coloquem sua fatura no d\u00e9bito autom\u00e1tico pelos pr\u00f3prios canais da Cemig. \u00c9 r\u00e1pido, f\u00e1cil e seguro&#8221;, comenta Wellington Cancian.<\/p>\n<p>O cliente pode realizar o cadastro para d\u00e9bito autom\u00e1tico em seu banco de prefer\u00eancia, utilizando o c\u00f3digo dispon\u00edvel na pr\u00f3pria fatura. O procedimento \u00e9 simples e precisa ser realizado uma \u00fanica vez. Clientes dos bancos Santander, Ita\u00fa, Banco do Brasil, Sicoob, Bradesco, Mercantil e Nordeste podem realizar o cadastro diretamente nos canais de atendimento Cemig.<\/p>\n<p>\u201c\u00c9 importante que os interessados consultem as condi\u00e7\u00f5es de parcelamento e deem prefer\u00eancia aos nossos canais digitais, onde as condi\u00e7\u00f5es s\u00e3o mais facilitadas e o atendimento mais \u00e1gil&#8221;, completa Cancian.<\/p>\n<p>Fonte: Ag\u00eancia Brasil<\/p>\n","protected":false},"excerpt":{"rendered":"<p>A Campanha de Negocia\u00e7\u00e3o de D\u00e9bitos da\u00a0Cemig\u00a0para clientes que foram atingidos pelas chuvas do in\u00edcio do ano em Minas Gerais foi prorrogada a at\u00e9 o dia 18 de fevereiro. Nesta oportunidade,\u00a0os clientes atendidos em baixa tens\u00e3o (at\u00e9 220 volts) podem parcelar suas contas em condi\u00e7\u00f5es especiais e em at\u00e9 12 vezes sem juros.\u00a0Para as unidades [&hellip;]<\/p>\n","protected":false},"author":246,"featured_media":194550,"comment_status":"closed","ping_status":"closed","sticky":false,"template":"","format":"standard","meta":{"footnotes":""},"categories":[436,254,439],"tags":[],"class_list":["post-194549","post","type-post","status-publish","format-standard","has-post-thumbnail","hentry","category-destaque-da-semana","category-politica","category-ultima-hora"],"_links":{"self":[{"href":"https:\/\/diarioregionaldigital.com.br\/index.php?rest_route=\/wp\/v2\/posts\/194549","targetHints":{"allow":["GET"]}}],"collection":[{"href":"https:\/\/diarioregionaldigital.com.br\/index.php?rest_route=\/wp\/v2\/posts"}],"about":[{"href":"https:\/\/diarioregionaldigital.com.br\/index.php?rest_route=\/wp\/v2\/types\/post"}],"author":[{"embeddable":true,"href":"https:\/\/diarioregionaldigital.com.br\/index.php?rest_route=\/wp\/v2\/users\/246"}],"replies":[{"embeddable":true,"href":"https:\/\/diarioregionaldigital.com.br\/index.php?rest_route=%2Fwp%2Fv2%2Fcomments&post=194549"}],"version-history":[{"count":1,"href":"https:\/\/diarioregionaldigital.com.br\/index.php?rest_route=\/wp\/v2\/posts\/194549\/revisions"}],"predecessor-version":[{"id":194551,"href":"https:\/\/diarioregionaldigital.com.br\/index.php?rest_route=\/wp\/v2\/posts\/194549\/revisions\/194551"}],"wp:featuredmedia":[{"embeddable":true,"href":"https:\/\/diarioregionaldigital.com.br\/index.php?rest_route=\/wp\/v2\/media\/194550"}],"wp:attachment":[{"href":"https:\/\/diarioregionaldigital.com.br\/index.php?rest_route=%2Fwp%2Fv2%2Fmedia&parent=194549"}],"wp:term":[{"taxonomy":"category","embeddable":true,"href":"https:\/\/diarioregionaldigital.com.br\/index.php?rest_route=%2Fwp%2Fv2%2Fcategories&post=194549"},{"taxonomy":"post_tag","embeddable":true,"href":"https:\/\/diarioregionaldigital.com.br\/index.php?rest_route=%2Fwp%2Fv2%2Ftags&post=194549"}],"curies":[{"name":"wp","href":"https:\/\/api.w.org\/{rel}","templated":true}]}}