{"id":194542,"date":"2022-02-03T15:41:57","date_gmt":"2022-02-03T18:41:57","guid":{"rendered":"https:\/\/diarioregionaldigital.com.br\/?p=194542"},"modified":"2022-02-03T15:41:57","modified_gmt":"2022-02-03T18:41:57","slug":"setor-produtivo-critica-aumento-da-taxa-selic","status":"publish","type":"post","link":"https:\/\/diarioregionaldigital.com.br\/?p=194542","title":{"rendered":"Setor produtivo critica aumento da taxa Selic"},"content":{"rendered":"<p>A eleva\u00e7\u00e3o da taxa Selic (juros b\u00e1sicos da economia) para 10,75% ao ano desagradou ao setor produtivo. Na avalia\u00e7\u00e3o de entidades da ind\u00fastria, o retorno dos juros a dois d\u00edgitos n\u00e3o combate corretamente as causas da infla\u00e7\u00e3o e prejudica a recupera\u00e7\u00e3o econ\u00f4mica, ap\u00f3s a pior fase da pandemia de covid-19.<\/p>\n<p>Em nota, a Confedera\u00e7\u00e3o Nacional da Ind\u00fastria (CNI) chamou de excessiva e equivocada a alta da Selic. A CNI adverte para o risco de que o aperto monet\u00e1rio gere recess\u00e3o em 2022.<\/p>\n<p>\u201cIsso inibe a atividade econ\u00f4mica e deve continuar a desacelerar a infla\u00e7\u00e3o nos pr\u00f3ximos meses. Essa intensifica\u00e7\u00e3o do ritmo de aperto da pol\u00edtica monet\u00e1ria aumenta o risco de recess\u00e3o em 2022, com efeitos negativos sobre a produ\u00e7\u00e3o, o consumo e o emprego\u201d, destacou no comunicado o presidente da CNI, Robson de Andrade.<\/p>\n<p>Segundo a CNI, indicadores preliminares mostram estagna\u00e7\u00e3o da atividade econ\u00f4mica, como o \u00cdndice de Atividade Econ\u00f4mica do Banco Central (IBC-Br), que em novembro estava 0,6% abaixo do \u00edndice de junho.<img decoding=\"async\" src=\"https:\/\/agenciabrasil.ebc.com.br\/ebc.png?id=1440087&amp;o=node\" \/><img decoding=\"async\" src=\"https:\/\/agenciabrasil.ebc.com.br\/ebc.gif?id=1440087&amp;o=node\" \/><\/p>\n<h2>Fiesp<\/h2>\n<p>Para a Federa\u00e7\u00e3o das Ind\u00fastrias do Estado de S\u00e3o Paulo (Fiesp), a alta da Selic n\u00e3o representa o melhor instrumento para combater a infla\u00e7\u00e3o. Isso porque, na avalia\u00e7\u00e3o da entidade, os pre\u00e7os est\u00e3o subindo por press\u00e3o de custos, como energia e alimentos, n\u00e3o por excesso de demanda.<\/p>\n<p>\u201cO novo patamar da Selic incomoda, e muito, j\u00e1 que a infla\u00e7\u00e3o que visa combater n\u00e3o apresenta um perfil condizente para um tratamento exclusivo via aumento dos juros\u201d, criticou a Fiesp. \u201cA expans\u00e3o da renda e a gera\u00e7\u00e3o de empregos de qualidade s\u00e3o caracter\u00edsticas da ind\u00fastria de transforma\u00e7\u00e3o, com impactos positivos generalizados, do agroneg\u00f3cio aos servi\u00e7os. Por isso, a Fiesp afirma: \u00e9 preciso pensar para al\u00e9m do Copom\u201d, acrescentou a federa\u00e7\u00e3o.<\/p>\n<h2>Firjan<\/h2>\n<p>A eleva\u00e7\u00e3o da taxa Selic de 9,25% para 10,75% ao ano pode comprometer a recupera\u00e7\u00e3o da atividade econ\u00f4mica em 2022, diz a Federa\u00e7\u00e3o das Ind\u00fastrias do Rio de Janeiro (Firjan). Segundo a Firjan, o aumento da taxa b\u00e1sica de juros em 1,5 ponto percentual j\u00e1 era esperado, mas pode comprometer a recupera\u00e7\u00e3o consistente da atividade econ\u00f4mica em 2022.<\/p>\n<p>A Firjan diz ainda que as incertezas quanto \u00e0 sustentabilidade fiscal de longo prazo continuam contribuindo para uma percep\u00e7\u00e3o ainda muito elevada de risco no pa\u00eds, o que reduz a confian\u00e7a de empres\u00e1rios e investidores.<\/p>\n<p>\u201cAssim, \u00e9 impreter\u00edvel o resgate da credibilidade fiscal com a aprova\u00e7\u00e3o das reformas necess\u00e1rias, que s\u00e3o capazes de sinalizar a boa conduta no caminho da sustentabilidade das contas p\u00fablicas. S\u00f3 assim conseguiremos resgatar a, j\u00e1 muito abalada, confian\u00e7a dos empres\u00e1rios e promover um crescimento s\u00f3lido da atividade econ\u00f4mica\u201d, acrescenta a nota da Firjan.<\/p>\n<p>Fonte: Ag\u00eancia Brasil<\/p>\n","protected":false},"excerpt":{"rendered":"<p>A eleva\u00e7\u00e3o da taxa Selic (juros b\u00e1sicos da economia) para 10,75% ao ano desagradou ao setor produtivo. Na avalia\u00e7\u00e3o de entidades da ind\u00fastria, o retorno dos juros a dois d\u00edgitos n\u00e3o combate corretamente as causas da infla\u00e7\u00e3o e prejudica a recupera\u00e7\u00e3o econ\u00f4mica, ap\u00f3s a pior fase da pandemia de covid-19. Em nota, a Confedera\u00e7\u00e3o Nacional [&hellip;]<\/p>\n","protected":false},"author":246,"featured_media":194543,"comment_status":"closed","ping_status":"closed","sticky":false,"template":"","format":"standard","meta":{"footnotes":""},"categories":[436,261,439],"tags":[],"class_list":["post-194542","post","type-post","status-publish","format-standard","has-post-thumbnail","hentry","category-destaque-da-semana","category-economia","category-ultima-hora"],"_links":{"self":[{"href":"https:\/\/diarioregionaldigital.com.br\/index.php?rest_route=\/wp\/v2\/posts\/194542","targetHints":{"allow":["GET"]}}],"collection":[{"href":"https:\/\/diarioregionaldigital.com.br\/index.php?rest_route=\/wp\/v2\/posts"}],"about":[{"href":"https:\/\/diarioregionaldigital.com.br\/index.php?rest_route=\/wp\/v2\/types\/post"}],"author":[{"embeddable":true,"href":"https:\/\/diarioregionaldigital.com.br\/index.php?rest_route=\/wp\/v2\/users\/246"}],"replies":[{"embeddable":true,"href":"https:\/\/diarioregionaldigital.com.br\/index.php?rest_route=%2Fwp%2Fv2%2Fcomments&post=194542"}],"version-history":[{"count":2,"href":"https:\/\/diarioregionaldigital.com.br\/index.php?rest_route=\/wp\/v2\/posts\/194542\/revisions"}],"predecessor-version":[{"id":194545,"href":"https:\/\/diarioregionaldigital.com.br\/index.php?rest_route=\/wp\/v2\/posts\/194542\/revisions\/194545"}],"wp:featuredmedia":[{"embeddable":true,"href":"https:\/\/diarioregionaldigital.com.br\/index.php?rest_route=\/wp\/v2\/media\/194543"}],"wp:attachment":[{"href":"https:\/\/diarioregionaldigital.com.br\/index.php?rest_route=%2Fwp%2Fv2%2Fmedia&parent=194542"}],"wp:term":[{"taxonomy":"category","embeddable":true,"href":"https:\/\/diarioregionaldigital.com.br\/index.php?rest_route=%2Fwp%2Fv2%2Fcategories&post=194542"},{"taxonomy":"post_tag","embeddable":true,"href":"https:\/\/diarioregionaldigital.com.br\/index.php?rest_route=%2Fwp%2Fv2%2Ftags&post=194542"}],"curies":[{"name":"wp","href":"https:\/\/api.w.org\/{rel}","templated":true}]}}