{"id":194397,"date":"2022-01-31T14:53:34","date_gmt":"2022-01-31T17:53:34","guid":{"rendered":"https:\/\/diarioregionaldigital.com.br\/?p=194397"},"modified":"2022-01-31T14:53:34","modified_gmt":"2022-01-31T17:53:34","slug":"brilha-jf-avanca-com-a-instalacao-do-sistema-led-em-ruas-e-pracas-da-cidade","status":"publish","type":"post","link":"https:\/\/diarioregionaldigital.com.br\/?p=194397","title":{"rendered":"Brilha JF avan\u00e7a com a instala\u00e7\u00e3o do sistema LED em ruas e pra\u00e7as da cidade"},"content":{"rendered":"<p>Dando continuidade ao projeto Brilha JF, que \u00e9 parte do Programa Boniteza, as instala\u00e7\u00f5es de lumin\u00e1rias em LED continuam por vias estrat\u00e9gicas da cidade, al\u00e9m de pra\u00e7as e pontes.<br \/>\nSegundo informa\u00e7\u00f5es do site da Prefeitura de Juiz de Fora, ap\u00f3s a instala\u00e7\u00e3o de mais de 1.500 lumin\u00e1rias em LED em 2021, a Prefeitura de Juiz de Fora (PJF) prossegue com a implanta\u00e7\u00e3o do sistema LED em vias, bairros e distritos. Em 2022, o Brilha JF j\u00e1 chegou \u00e0 Pra\u00e7a Pedro Marques (Santa Helena), ponte do bairro de Lourdes e Ruas Santo Ant\u00f4nio (Centro), S\u00e3o Bernardo (S\u00e3o Bernardo) e Aladin Silva (Retiro).<br \/>\nA secret\u00e1ria de governo, Cidinha Louzada, destaca a import\u00e2ncia da decis\u00e3o de investir na ilumina\u00e7\u00e3o. \u201cDesde o come\u00e7o da gest\u00e3o, uma das nossas prioridades foi tirar do papel a instala\u00e7\u00e3o das lumin\u00e1rias de LED. Em um ano, j\u00e1 usamos essa tecnologia para iluminar mais de 40 vias e, em 2022, vamos avan\u00e7ar ainda mais nos bairros. Mais do que economia e beleza, a ilumina\u00e7\u00e3o em LED representa tamb\u00e9m mais seguran\u00e7a para a popula\u00e7\u00e3o. Queremos Juiz de Fora brilhando e trabalhamos incansavelmente para isso\u201d, afirma.<br \/>\n<strong>Brilha JF em 2021<\/strong><\/p>\n<p>Atrav\u00e9s do Programa Boniteza e do Brilha JF em 2021 foram instaladas mais de 1.500 lumin\u00e1rias de LED em vias estrat\u00e9gicas da cidade como a Avenida JK, que est\u00e1 em fase de finaliza\u00e7\u00e3o; Avenida Get\u00falio Vargas; Avenida Brasil, at\u00e9 o viaduto da BD; Avenida Governador Valadares; Rua S\u00e3o Mateus; Rua Ibitiguaia; Rua Benjamin Constant; Rua Ces\u00e1rio Alvim; Avenida Francisco Bernardino; Rua Paulo Frontin; Rua Doutor Prisco; Estrada Engenheiro Gentil Forn; Rua Jos\u00e9 Louren\u00e7o Kelmer, entre a Ponte Casablanca e a UFJF; acesso \u00e0 Nova Benfica pela Rua Martins Barbosa, Viaduto Augusto Franco e Viaduto Ramirez Gonzales, al\u00e9m de diversas pra\u00e7as da cidade.<\/p>\n","protected":false},"excerpt":{"rendered":"<p>Dando continuidade ao projeto Brilha JF, que \u00e9 parte do Programa Boniteza, as instala\u00e7\u00f5es de lumin\u00e1rias em LED continuam por vias estrat\u00e9gicas da cidade, al\u00e9m de pra\u00e7as e pontes. Segundo informa\u00e7\u00f5es do site da Prefeitura de Juiz de Fora, ap\u00f3s a instala\u00e7\u00e3o de mais de 1.500 lumin\u00e1rias em LED em 2021, a Prefeitura de Juiz [&hellip;]<\/p>\n","protected":false},"author":246,"featured_media":194398,"comment_status":"closed","ping_status":"closed","sticky":false,"template":"","format":"standard","meta":{"footnotes":""},"categories":[253,436,439],"tags":[],"class_list":["post-194397","post","type-post","status-publish","format-standard","has-post-thumbnail","hentry","category-cidade","category-destaque-da-semana","category-ultima-hora"],"_links":{"self":[{"href":"https:\/\/diarioregionaldigital.com.br\/index.php?rest_route=\/wp\/v2\/posts\/194397","targetHints":{"allow":["GET"]}}],"collection":[{"href":"https:\/\/diarioregionaldigital.com.br\/index.php?rest_route=\/wp\/v2\/posts"}],"about":[{"href":"https:\/\/diarioregionaldigital.com.br\/index.php?rest_route=\/wp\/v2\/types\/post"}],"author":[{"embeddable":true,"href":"https:\/\/diarioregionaldigital.com.br\/index.php?rest_route=\/wp\/v2\/users\/246"}],"replies":[{"embeddable":true,"href":"https:\/\/diarioregionaldigital.com.br\/index.php?rest_route=%2Fwp%2Fv2%2Fcomments&post=194397"}],"version-history":[{"count":1,"href":"https:\/\/diarioregionaldigital.com.br\/index.php?rest_route=\/wp\/v2\/posts\/194397\/revisions"}],"predecessor-version":[{"id":194399,"href":"https:\/\/diarioregionaldigital.com.br\/index.php?rest_route=\/wp\/v2\/posts\/194397\/revisions\/194399"}],"wp:featuredmedia":[{"embeddable":true,"href":"https:\/\/diarioregionaldigital.com.br\/index.php?rest_route=\/wp\/v2\/media\/194398"}],"wp:attachment":[{"href":"https:\/\/diarioregionaldigital.com.br\/index.php?rest_route=%2Fwp%2Fv2%2Fmedia&parent=194397"}],"wp:term":[{"taxonomy":"category","embeddable":true,"href":"https:\/\/diarioregionaldigital.com.br\/index.php?rest_route=%2Fwp%2Fv2%2Fcategories&post=194397"},{"taxonomy":"post_tag","embeddable":true,"href":"https:\/\/diarioregionaldigital.com.br\/index.php?rest_route=%2Fwp%2Fv2%2Ftags&post=194397"}],"curies":[{"name":"wp","href":"https:\/\/api.w.org\/{rel}","templated":true}]}}