{"id":194388,"date":"2022-01-31T14:44:54","date_gmt":"2022-01-31T17:44:54","guid":{"rendered":"https:\/\/diarioregionaldigital.com.br\/?p=194388"},"modified":"2022-01-31T14:44:54","modified_gmt":"2022-01-31T17:44:54","slug":"australia-vice-campea-de-duplas-haddad-esta-contente-com-superacao","status":"publish","type":"post","link":"https:\/\/diarioregionaldigital.com.br\/?p=194388","title":{"rendered":"Austr\u00e1lia: vice-campe\u00e3 de duplas, Haddad est\u00e1 contente com supera\u00e7\u00e3o"},"content":{"rendered":"<p>N\u00e3o faltou garra por parte da brasileira Bia Haddad e da cazaque Anna Danilina na disputa do t\u00edtulo de duplas no Aberto da Austr\u00e1lia, na madrugada deste domingo (30). No entanto, as tchecas Barbora Krejcikova e Katerina Siniakova, atuais campe\u00e3s ol\u00edmpicas, levaram a melhor, com vit\u00f3ria por 2 sets a 1 (parciais de 6\/7, 6\/4 e 6\/4), ficando com o\u00a0t\u00edtulo na Rod Laver Arena, em Melbourne. Mesmo assim, Haddad j\u00e1 entrou para a hist\u00f3ria do t\u00eanis do pa\u00eds, ao se tornar\u00a0a primeira brasileira finalista no Grand Slam australiano na Era Aberta (iniciada em 1968).\u00a0<img decoding=\"async\" src=\"https:\/\/agenciabrasil.ebc.com.br\/ebc.png?id=1439453&amp;o=node\" \/><img decoding=\"async\" src=\"https:\/\/agenciabrasil.ebc.com.br\/ebc.gif?id=1439453&amp;o=node\" \/><\/p>\n<p>Perder faz parte do jogo, mas para Bia, estar na final de Melbourne teve um significado especial: supera\u00e7\u00e3o. Nos \u00faltimos dois anos e meio a brasileira enfrentou meses de suspens\u00e3o por dopping e passou por cirurgias, a \u00faltima delas para retirada de um tumor.<\/p>\n<p>&#8220;Foi muito duro para mim. Voltei de quatro cirurgias, depois voltei de um ano e tr\u00eas meses parada pelo doping, e a\u00ed quando voltei descobri um tumor no dedo ap\u00f3s ganhar quatro torneios. Depois passei cinco meses direto fora de casa lutando. Um ano atr\u00e1s eu estava jogando qualifying de 25 mil na \u00c1frica do Sul e hoje eu estive na Rod Laver jogando contra as n\u00famero 1 do mundo\u201d, revelou emocionada.<\/p>\n<p>Durante o processo de supera\u00e7\u00e3o a paulista, de 25 anos, contou com o apoio do treinador, e fez quest\u00e3o de agradecer a ele em quadra, quando recebeu o trof\u00e9u.<\/p>\n<p>\u201cPor isso dediquei o t\u00edtulo ao meu treinador Rafael Paciaoroni que esteve comigo em todos esses momentos. N\u00edvel de t\u00eanis eu sei que tenho e apresentei ele nessas semanas, mas tenho que melhorar muita coisa durante este ano&#8221;, revelou a brasileira.<\/p>\n<p>E Bia tem muito mesmo a comemorar: ao lado da cazaque Danilina, a paulistana fez uma campanha exitosa. Foram nove vit\u00f3rias consecutivas at\u00e9 a final deste domingo (30), sendo que no \u00faltimo dia 15 conquistaram o WTA 500 de Sidney.<\/p>\n<p>&#8220;Muito feliz mesmo com o que a gente fez nessas tr\u00eas semanas. Pessoalmente, foi uma conquista e um aprendizado muito grande. Pude enfrentar eu mesma, me senti pressionada na maioria dos jogos e isso me fez sacar e devolver em muitos momentos de press\u00e3o. Aprendi que n\u00e3o criar expectativa \u00e9 algo muito importante tamb\u00e9m. Eu e a Anna vivemos cada momento, cada game e cada ponto. Tenho certeza que foi uma entrega muito grande dos dois lados\u201d, completou Bia.<\/p>\n<p><span style=\"font-weight: 400;\">\u00a0<\/span><span style=\"font-weight: 400;\"><br \/>\n<\/span><span style=\"font-weight: 400;\">Fonte: Ag\u00eancia Brasil <\/span><\/p>\n","protected":false},"excerpt":{"rendered":"<p>N\u00e3o faltou garra por parte da brasileira Bia Haddad e da cazaque Anna Danilina na disputa do t\u00edtulo de duplas no Aberto da Austr\u00e1lia, na madrugada deste domingo (30). No entanto, as tchecas Barbora Krejcikova e Katerina Siniakova, atuais campe\u00e3s ol\u00edmpicas, levaram a melhor, com vit\u00f3ria por 2 sets a 1 (parciais de 6\/7, 6\/4 [&hellip;]<\/p>\n","protected":false},"author":246,"featured_media":194389,"comment_status":"closed","ping_status":"closed","sticky":false,"template":"","format":"standard","meta":{"footnotes":""},"categories":[436,257,439],"tags":[],"class_list":["post-194388","post","type-post","status-publish","format-standard","has-post-thumbnail","hentry","category-destaque-da-semana","category-esporte","category-ultima-hora"],"_links":{"self":[{"href":"https:\/\/diarioregionaldigital.com.br\/index.php?rest_route=\/wp\/v2\/posts\/194388","targetHints":{"allow":["GET"]}}],"collection":[{"href":"https:\/\/diarioregionaldigital.com.br\/index.php?rest_route=\/wp\/v2\/posts"}],"about":[{"href":"https:\/\/diarioregionaldigital.com.br\/index.php?rest_route=\/wp\/v2\/types\/post"}],"author":[{"embeddable":true,"href":"https:\/\/diarioregionaldigital.com.br\/index.php?rest_route=\/wp\/v2\/users\/246"}],"replies":[{"embeddable":true,"href":"https:\/\/diarioregionaldigital.com.br\/index.php?rest_route=%2Fwp%2Fv2%2Fcomments&post=194388"}],"version-history":[{"count":1,"href":"https:\/\/diarioregionaldigital.com.br\/index.php?rest_route=\/wp\/v2\/posts\/194388\/revisions"}],"predecessor-version":[{"id":194390,"href":"https:\/\/diarioregionaldigital.com.br\/index.php?rest_route=\/wp\/v2\/posts\/194388\/revisions\/194390"}],"wp:featuredmedia":[{"embeddable":true,"href":"https:\/\/diarioregionaldigital.com.br\/index.php?rest_route=\/wp\/v2\/media\/194389"}],"wp:attachment":[{"href":"https:\/\/diarioregionaldigital.com.br\/index.php?rest_route=%2Fwp%2Fv2%2Fmedia&parent=194388"}],"wp:term":[{"taxonomy":"category","embeddable":true,"href":"https:\/\/diarioregionaldigital.com.br\/index.php?rest_route=%2Fwp%2Fv2%2Fcategories&post=194388"},{"taxonomy":"post_tag","embeddable":true,"href":"https:\/\/diarioregionaldigital.com.br\/index.php?rest_route=%2Fwp%2Fv2%2Ftags&post=194388"}],"curies":[{"name":"wp","href":"https:\/\/api.w.org\/{rel}","templated":true}]}}