{"id":194385,"date":"2022-01-31T14:43:37","date_gmt":"2022-01-31T17:43:37","guid":{"rendered":"https:\/\/diarioregionaldigital.com.br\/?p=194385"},"modified":"2022-01-31T14:43:37","modified_gmt":"2022-01-31T17:43:37","slug":"calderano-passa-japones-e-agora-e-o-3o-melhor-mesatenista-do-mundo","status":"publish","type":"post","link":"https:\/\/diarioregionaldigital.com.br\/?p=194385","title":{"rendered":"Calderano passa japon\u00eas e agora \u00e9 o 3\u00ba melhor mesatenista do mundo"},"content":{"rendered":"<p>O carioca Hugo Calderano, de 25 anos, se tornou neste domingo (30) o n\u00famero 3 do mundo no t\u00eanis de mesa e, de quebra, passou a ser o maior jogador das Am\u00e9ricas, ultrapassando o norte-americano Sol Schiff, que detinha a posi\u00e7\u00e3o desde 1938.\u00a0<img decoding=\"async\" src=\"https:\/\/agenciabrasil.ebc.com.br\/ebc.png?id=1439467&amp;o=node\" \/><img decoding=\"async\" src=\"https:\/\/agenciabrasil.ebc.com.br\/ebc.gif?id=1439467&amp;o=node\" \/><\/p>\n<p>No ranking mundial de fevereiro, antecipado excepcionalmente para hoje (30) pela Federa\u00e7\u00e3o Internacional de T\u00eanis de Mesa (ITTF, sigla em ingl\u00eas), o brasileiro desponta em terceiro lugar (4913 pontos), antes ocupado pelo Tomokazu Harimoto (agora com 4.608). Calderano s\u00f3 est\u00e1 atr\u00e1s de\u00a0chineses\u00a0 &#8211; Fan Zhendong (8.598) e Ma Long (5.404) &#8211; considerados os melhores do mundo h\u00e1 gera\u00e7\u00f5es.<\/p>\n<p>Mesmo sem conquistas recentes, em raz\u00e3o do recesso do fim de ano, o mesatenista carioca subiu de posi\u00e7\u00e3o devido \u00e0 regularidade e ao bom desempenho no ano passado, segundo an\u00e1lise da Confedera\u00e7\u00e3o Brasileira de T\u00eanis de Mesa (CBTM). Na Olimp\u00edada de T\u00f3quio (Jap\u00e3o), Calderano se classificou \u00e0s quartas de final e em setembro conquistou o maior t\u00edtulo dele na carreira: o\u00a0<a href=\"https:\/\/agenciabrasil.ebc.com.br\/esportes\/noticia\/2021-09\/tenis-de-mesa-hugo-calderano-conquista-maior-titulo-da-carreira\">WTT Star Contender de Doha,<\/a>\u00a0importante etapa do circuito mundial.<\/p>\n<p>Outros brasileiros tamb\u00e9m subiram na atualiza\u00e7\u00e3o do ranking da ITTF. No feminino, Bruna Takahashi ascendeu sete posi\u00e7\u00f5es e agora \u00e9 a 32\u00aa colocada, posi\u00e7\u00e3o in\u00e9dita para uma mesatenista do pa\u00eds. J\u00e1 Vitor Ishiy subiu tr\u00eas postos e passou a ocupar o 53\u00b0 lugar no masculino, 12 posi\u00e7\u00f5es atr\u00e1s de Gustavo Tsuboi, na\u00a041\u00aa coloca\u00e7\u00e3o.<\/p>\n<p>Fonte: Ag\u00eancia Brasil<\/p>\n","protected":false},"excerpt":{"rendered":"<p>O carioca Hugo Calderano, de 25 anos, se tornou neste domingo (30) o n\u00famero 3 do mundo no t\u00eanis de mesa e, de quebra, passou a ser o maior jogador das Am\u00e9ricas, ultrapassando o norte-americano Sol Schiff, que detinha a posi\u00e7\u00e3o desde 1938.\u00a0 No ranking mundial de fevereiro, antecipado excepcionalmente para hoje (30) pela Federa\u00e7\u00e3o [&hellip;]<\/p>\n","protected":false},"author":246,"featured_media":194386,"comment_status":"closed","ping_status":"closed","sticky":false,"template":"","format":"standard","meta":{"footnotes":""},"categories":[436,257,439],"tags":[],"class_list":["post-194385","post","type-post","status-publish","format-standard","has-post-thumbnail","hentry","category-destaque-da-semana","category-esporte","category-ultima-hora"],"_links":{"self":[{"href":"https:\/\/diarioregionaldigital.com.br\/index.php?rest_route=\/wp\/v2\/posts\/194385","targetHints":{"allow":["GET"]}}],"collection":[{"href":"https:\/\/diarioregionaldigital.com.br\/index.php?rest_route=\/wp\/v2\/posts"}],"about":[{"href":"https:\/\/diarioregionaldigital.com.br\/index.php?rest_route=\/wp\/v2\/types\/post"}],"author":[{"embeddable":true,"href":"https:\/\/diarioregionaldigital.com.br\/index.php?rest_route=\/wp\/v2\/users\/246"}],"replies":[{"embeddable":true,"href":"https:\/\/diarioregionaldigital.com.br\/index.php?rest_route=%2Fwp%2Fv2%2Fcomments&post=194385"}],"version-history":[{"count":1,"href":"https:\/\/diarioregionaldigital.com.br\/index.php?rest_route=\/wp\/v2\/posts\/194385\/revisions"}],"predecessor-version":[{"id":194387,"href":"https:\/\/diarioregionaldigital.com.br\/index.php?rest_route=\/wp\/v2\/posts\/194385\/revisions\/194387"}],"wp:featuredmedia":[{"embeddable":true,"href":"https:\/\/diarioregionaldigital.com.br\/index.php?rest_route=\/wp\/v2\/media\/194386"}],"wp:attachment":[{"href":"https:\/\/diarioregionaldigital.com.br\/index.php?rest_route=%2Fwp%2Fv2%2Fmedia&parent=194385"}],"wp:term":[{"taxonomy":"category","embeddable":true,"href":"https:\/\/diarioregionaldigital.com.br\/index.php?rest_route=%2Fwp%2Fv2%2Fcategories&post=194385"},{"taxonomy":"post_tag","embeddable":true,"href":"https:\/\/diarioregionaldigital.com.br\/index.php?rest_route=%2Fwp%2Fv2%2Ftags&post=194385"}],"curies":[{"name":"wp","href":"https:\/\/api.w.org\/{rel}","templated":true}]}}