{"id":194374,"date":"2022-01-31T14:31:49","date_gmt":"2022-01-31T17:31:49","guid":{"rendered":"https:\/\/diarioregionaldigital.com.br\/?p=194374"},"modified":"2022-01-31T14:31:49","modified_gmt":"2022-01-31T17:31:49","slug":"monte-verde-ganhou-a-sexta-posicao-em-ranking-feito-por-plataforma-internacional","status":"publish","type":"post","link":"https:\/\/diarioregionaldigital.com.br\/?p=194374","title":{"rendered":"Monte Verde ganhou a sexta posi\u00e7\u00e3o em ranking feito por plataforma internacional"},"content":{"rendered":"<p>O distrito de Monte Verde, em Camanducaia, na regi\u00e3o Sul de Minas Gerais, foi eleita entre as cidades mais acolhedoras do mundo, em\u00a0ranking divulgado em janeiro deste ano\u00a0pela Plataforma Booking.com. A comunidade mineira \u00e9 a \u00fanica no continente americano a entrar na seleta lista.<\/p>\n<p>Classificada em sexto lugar no ranking, Monte Verde foi chamada de\u00a0\u201cSu\u00ed\u00e7a do Brasil\u201d, em uma compara\u00e7\u00e3o que faz refer\u00eancia ao ineg\u00e1vel clima e ao estilo europeu. \u201cEsta pitoresca cidade certamente trar\u00e1 o romance em qualquer pessoa, mas tamb\u00e9m \u00e9 ideal para montanhistas ou entusiastas da natureza que estejam ansiosos para conhecer\u00a0os seis cumes que a \u00e1rea abriga\u201d, afirma um trecho da publica\u00e7\u00e3o.<\/p>\n<p>Com 71 anos de exist\u00eancia e uma popula\u00e7\u00e3o de 4.132 pessoas, conforme dados do IBGE, Monte Verde est\u00e1 localizada a 30 quil\u00f4metros da sede do munic\u00edpio de Camanducaia e a 484 quil\u00f4metros da capital Belo Horizonte, com acesso pela BR-381.<\/p>\n<p><strong>Turismo de experi\u00eancia\u00a0<\/strong><\/p>\n<p>O distrito \u00e9 famoso pelas trilhas, montes e montanhas pr\u00f3ximas, al\u00e9m de oferecer riqueza de atrativos de turismo de experi\u00eancias, com destaque tamb\u00e9m para a culin\u00e1ria mineira.<\/p>\n<p>Ao todo, a lista foi composta pela vota\u00e7\u00e3o de mais de 232 milh\u00f5es de avalia\u00e7\u00f5es de viajantes no \u00faltimo ano. O ranking levou em conta, ainda, \u00a0concentra\u00e7\u00f5es de acomoda\u00e7\u00f5es vencedoras do pr\u00eamio Traveller Review Awards, isto \u00e9, as mais bem avaliadas de acordo com a hospitalidade em 2021.<\/p>\n<p>Monte Verde concorreu com cidades como Matera (It\u00e1lia), Bled (Eslov\u00eania), Taitung City (Taiwan), Nafplio (Gr\u00e9cia) e Toledo (Espanha), e tamb\u00e9m \u00a0Bruges (B\u00e9lgica), Nusa Lembongan (Indon\u00e9sia), Ponta Delgada (Azores, Portugal) e Hoi An (Vietn\u00e3).<\/p>\n<p>Fonte: Ag\u00eancia Minas<\/p>\n","protected":false},"excerpt":{"rendered":"<p>O distrito de Monte Verde, em Camanducaia, na regi\u00e3o Sul de Minas Gerais, foi eleita entre as cidades mais acolhedoras do mundo, em\u00a0ranking divulgado em janeiro deste ano\u00a0pela Plataforma Booking.com. A comunidade mineira \u00e9 a \u00fanica no continente americano a entrar na seleta lista. Classificada em sexto lugar no ranking, Monte Verde foi chamada de\u00a0\u201cSu\u00ed\u00e7a [&hellip;]<\/p>\n","protected":false},"author":246,"featured_media":194375,"comment_status":"closed","ping_status":"closed","sticky":false,"template":"","format":"standard","meta":{"footnotes":""},"categories":[436,254,439],"tags":[],"class_list":["post-194374","post","type-post","status-publish","format-standard","has-post-thumbnail","hentry","category-destaque-da-semana","category-politica","category-ultima-hora"],"_links":{"self":[{"href":"https:\/\/diarioregionaldigital.com.br\/index.php?rest_route=\/wp\/v2\/posts\/194374","targetHints":{"allow":["GET"]}}],"collection":[{"href":"https:\/\/diarioregionaldigital.com.br\/index.php?rest_route=\/wp\/v2\/posts"}],"about":[{"href":"https:\/\/diarioregionaldigital.com.br\/index.php?rest_route=\/wp\/v2\/types\/post"}],"author":[{"embeddable":true,"href":"https:\/\/diarioregionaldigital.com.br\/index.php?rest_route=\/wp\/v2\/users\/246"}],"replies":[{"embeddable":true,"href":"https:\/\/diarioregionaldigital.com.br\/index.php?rest_route=%2Fwp%2Fv2%2Fcomments&post=194374"}],"version-history":[{"count":1,"href":"https:\/\/diarioregionaldigital.com.br\/index.php?rest_route=\/wp\/v2\/posts\/194374\/revisions"}],"predecessor-version":[{"id":194376,"href":"https:\/\/diarioregionaldigital.com.br\/index.php?rest_route=\/wp\/v2\/posts\/194374\/revisions\/194376"}],"wp:featuredmedia":[{"embeddable":true,"href":"https:\/\/diarioregionaldigital.com.br\/index.php?rest_route=\/wp\/v2\/media\/194375"}],"wp:attachment":[{"href":"https:\/\/diarioregionaldigital.com.br\/index.php?rest_route=%2Fwp%2Fv2%2Fmedia&parent=194374"}],"wp:term":[{"taxonomy":"category","embeddable":true,"href":"https:\/\/diarioregionaldigital.com.br\/index.php?rest_route=%2Fwp%2Fv2%2Fcategories&post=194374"},{"taxonomy":"post_tag","embeddable":true,"href":"https:\/\/diarioregionaldigital.com.br\/index.php?rest_route=%2Fwp%2Fv2%2Ftags&post=194374"}],"curies":[{"name":"wp","href":"https:\/\/api.w.org\/{rel}","templated":true}]}}