{"id":194371,"date":"2022-01-31T14:29:58","date_gmt":"2022-01-31T17:29:58","guid":{"rendered":"https:\/\/diarioregionaldigital.com.br\/?p=194371"},"modified":"2022-01-31T14:29:58","modified_gmt":"2022-01-31T17:29:58","slug":"minas-registra-a-geracao-de-305-mil-empregos-formais-em-2021","status":"publish","type":"post","link":"https:\/\/diarioregionaldigital.com.br\/?p=194371","title":{"rendered":"Minas registra a gera\u00e7\u00e3o de 305 mil empregos formais em 2021"},"content":{"rendered":"<p>Minas Gerais fechou 2021 com a gera\u00e7\u00e3o acumulada de 305.182 empregos formais, resultado da admiss\u00e3o de 2.202.162 trabalhadores e do desligamento de 1.896.980. Segundo dados do novo Cadastro Geral de Empregados e Desempregados (Caged), do Minist\u00e9rio da Economia, todos os setores registraram desempenho positivo, liderado por servi\u00e7os (124.079), com\u00e9rcio (68.846), ind\u00fastria (65.587), constru\u00e7\u00e3o civil (31.804) e agropecu\u00e1ria (14.866).<\/p>\n<p>&#8220;Ap\u00f3s 11 resultados positivos na gera\u00e7\u00e3o de emprego, a cria\u00e7\u00e3o de mais de 300 mil postos de trabalho no acumulado de 2021 reflete uma trajet\u00f3ria de recupera\u00e7\u00e3o do mercado formal em Minas Gerais, motivada pelos setores de servi\u00e7o e com\u00e9rcio, os principais atingidos no in\u00edcio da pandemia, o que traz as pespectivas de um cen\u00e1rio otimista para 2022&#8221;, avalia Amanda Siqueira Carvalho, diretora de Monitoramento e Articula\u00e7\u00e3o de Oportunidades de Trabalho, da Subsecretaria de Trabalho e Emprego da\u00a0<a href=\"http:\/\/social.mg.gov.br\/\" target=\"_blank\" rel=\"noopener\">Secretaria de Estado de Desenvolvolvimento Social (Sedese)<\/a>.<\/p>\n<p>Em dezembro do ano passado, o saldo de empregos formais no estado ficou negativo em 22.771, com 150.587 admiss\u00f5es e 173.358 desligamentos. O resultado \u00e9 inferior tanto a novembro, que registrou saldo positivo de 21.240 empregos formais, quanto em rela\u00e7\u00e3o a dezembro de 2020, quando o saldo ficou negativo em 11.946.<\/p>\n<p>Numa an\u00e1lise setorial, em dezembro de 2021 apenas o setor de com\u00e9rcio teve saldo positivo, com a abertura de 2.970 vagas formais de trabalho.<\/p>\n<p><strong>Brasil<\/strong><\/p>\n<p>No Brasil, tamb\u00e9m em 2021, houve a gera\u00e7\u00e3o de 2,73 milh\u00f5es de empregos com carteira asssinada, com 20.699.802 contrata\u00e7\u00f5es e 17.969.205 demiss\u00f5es. Assim como em Minas, o resultado apresentou uma \u00a0melhora em rela\u00e7\u00e3o a 2020, quando foram fechadas 191.455 vagas formais.<\/p>\n<p>Fonte: Ag\u00eancia Minas<\/p>\n","protected":false},"excerpt":{"rendered":"<p>Minas Gerais fechou 2021 com a gera\u00e7\u00e3o acumulada de 305.182 empregos formais, resultado da admiss\u00e3o de 2.202.162 trabalhadores e do desligamento de 1.896.980. Segundo dados do novo Cadastro Geral de Empregados e Desempregados (Caged), do Minist\u00e9rio da Economia, todos os setores registraram desempenho positivo, liderado por servi\u00e7os (124.079), com\u00e9rcio (68.846), ind\u00fastria (65.587), constru\u00e7\u00e3o civil (31.804) [&hellip;]<\/p>\n","protected":false},"author":246,"featured_media":194372,"comment_status":"closed","ping_status":"closed","sticky":false,"template":"","format":"standard","meta":{"footnotes":""},"categories":[436,254,439],"tags":[],"class_list":["post-194371","post","type-post","status-publish","format-standard","has-post-thumbnail","hentry","category-destaque-da-semana","category-politica","category-ultima-hora"],"_links":{"self":[{"href":"https:\/\/diarioregionaldigital.com.br\/index.php?rest_route=\/wp\/v2\/posts\/194371","targetHints":{"allow":["GET"]}}],"collection":[{"href":"https:\/\/diarioregionaldigital.com.br\/index.php?rest_route=\/wp\/v2\/posts"}],"about":[{"href":"https:\/\/diarioregionaldigital.com.br\/index.php?rest_route=\/wp\/v2\/types\/post"}],"author":[{"embeddable":true,"href":"https:\/\/diarioregionaldigital.com.br\/index.php?rest_route=\/wp\/v2\/users\/246"}],"replies":[{"embeddable":true,"href":"https:\/\/diarioregionaldigital.com.br\/index.php?rest_route=%2Fwp%2Fv2%2Fcomments&post=194371"}],"version-history":[{"count":1,"href":"https:\/\/diarioregionaldigital.com.br\/index.php?rest_route=\/wp\/v2\/posts\/194371\/revisions"}],"predecessor-version":[{"id":194373,"href":"https:\/\/diarioregionaldigital.com.br\/index.php?rest_route=\/wp\/v2\/posts\/194371\/revisions\/194373"}],"wp:featuredmedia":[{"embeddable":true,"href":"https:\/\/diarioregionaldigital.com.br\/index.php?rest_route=\/wp\/v2\/media\/194372"}],"wp:attachment":[{"href":"https:\/\/diarioregionaldigital.com.br\/index.php?rest_route=%2Fwp%2Fv2%2Fmedia&parent=194371"}],"wp:term":[{"taxonomy":"category","embeddable":true,"href":"https:\/\/diarioregionaldigital.com.br\/index.php?rest_route=%2Fwp%2Fv2%2Fcategories&post=194371"},{"taxonomy":"post_tag","embeddable":true,"href":"https:\/\/diarioregionaldigital.com.br\/index.php?rest_route=%2Fwp%2Fv2%2Ftags&post=194371"}],"curies":[{"name":"wp","href":"https:\/\/api.w.org\/{rel}","templated":true}]}}