{"id":194368,"date":"2022-01-31T14:27:16","date_gmt":"2022-01-31T17:27:16","guid":{"rendered":"https:\/\/diarioregionaldigital.com.br\/?p=194368"},"modified":"2022-01-31T14:27:16","modified_gmt":"2022-01-31T17:27:16","slug":"apos-atuacao-do-governo-de-minas-reajuste-das-tarifas-do-transporte-metropolitano-sera-quatro-vezes-menor-do-que-o-proposto-por-empresas","status":"publish","type":"post","link":"https:\/\/diarioregionaldigital.com.br\/?p=194368","title":{"rendered":"Ap\u00f3s atua\u00e7\u00e3o do Governo de Minas, reajuste das tarifas do transporte metropolitano ser\u00e1 quatro vezes menor do que o proposto por empresas"},"content":{"rendered":"<p>As tarifas do sistema de transporte coletivo metropolitano de Belo Horizonte ter\u00e3o novos valores a partir de zero hora da pr\u00f3xima segunda-feira (31\/1). A\u00a0<a href=\"http:\/\/www.infraestrutura.mg.gov.br\/\" target=\"_blank\" rel=\"noopener\">Secretaria de Estado de Infraestrutura e Mobilidade (Seinfra)<\/a>\u00a0recebeu das empresas que operam o sistema o pedido de reajuste 53,36%, no entanto o pleito foi negado. O reajuste autorizado foi de 13%, quatro vezes menor do que o proposto. O percentual leva em considera\u00e7\u00e3o apenas a infla\u00e7\u00e3o para o per\u00edodo e o valor de atualiza\u00e7\u00e3o do \u00f3leo diesel.<\/p>\n<p>Essa atualiza\u00e7\u00e3o \u00e9 necess\u00e1ria para garantir a operacionaliza\u00e7\u00e3o do sistema e evitar que empresas fiquem sem condi\u00e7\u00f5es de disponibilizar as linhas cumprindo o quadro\u00a0\u00a0hor\u00e1rios definidos no contrato.<\/p>\n<p>\u201cO reajuste anual est\u00e1 previsto em contrato e n\u00e3o significa aumento da tarifa pelo\u00a0<a href=\"https:\/\/www.mg.gov.br\/\" target=\"_blank\" rel=\"noopener\">Governo de Minas<\/a>, mas a recomposi\u00e7\u00e3o da perda inflacion\u00e1ria. N\u00e3o admitimos o pedido das empresas, e realizamos o nosso pr\u00f3prio c\u00e1lculo para aferi\u00e7\u00e3o do percentual\u201d, afirma o secret\u00e1rio de Estado de Infraestrutura e Mobilidade, Fernando Marcato.<\/p>\n<p>Para efeito de compara\u00e7\u00e3o, caso o percentual solicitado pelas empresas fosse autorizado, a tarifa preponderante do sistema, que atualmente \u00e9 de R$ 5,85, passaria a ser R$8,95. Com a corre\u00e7\u00e3o autorizada pela Seinfra, o valor da tarifa preponderante ser\u00e1 de R$6,60, ou seja,\u00a0R$ 2,35 menor do que o pedido pelas empresas.<\/p>\n<p>O sistema metropolitano de transporte coletivo por \u00f4nibus tem, atualmente, 606 linhas em opera\u00e7\u00e3o na RMBH, conta com uma frota de 2.557 ve\u00edculos, que realizam uma m\u00e9dia mensal de 450 mil viagens.<\/p>\n<p><strong>Refor\u00e7o no quadro de hor\u00e1rios\u00a0<\/strong><\/p>\n<p>A partir da pr\u00f3xima ter\u00e7a-feira (1\/2), o quadro de hor\u00e1rios de todas as linhas ativas do transporte metropolitano ser\u00e1 normalizado. Ou seja, os \u00f4nibus voltam a operar com o hor\u00e1rio pr\u00e9-pandemia.<\/p>\n<p>Fonte: Ag\u00eancia Minas<\/p>\n","protected":false},"excerpt":{"rendered":"<p>As tarifas do sistema de transporte coletivo metropolitano de Belo Horizonte ter\u00e3o novos valores a partir de zero hora da pr\u00f3xima segunda-feira (31\/1). A\u00a0Secretaria de Estado de Infraestrutura e Mobilidade (Seinfra)\u00a0recebeu das empresas que operam o sistema o pedido de reajuste 53,36%, no entanto o pleito foi negado. O reajuste autorizado foi de 13%, quatro [&hellip;]<\/p>\n","protected":false},"author":246,"featured_media":194369,"comment_status":"closed","ping_status":"closed","sticky":false,"template":"","format":"standard","meta":{"footnotes":""},"categories":[436,440,254,439],"tags":[],"class_list":["post-194368","post","type-post","status-publish","format-standard","has-post-thumbnail","hentry","category-destaque-da-semana","category-destaques-do-dia","category-politica","category-ultima-hora"],"_links":{"self":[{"href":"https:\/\/diarioregionaldigital.com.br\/index.php?rest_route=\/wp\/v2\/posts\/194368","targetHints":{"allow":["GET"]}}],"collection":[{"href":"https:\/\/diarioregionaldigital.com.br\/index.php?rest_route=\/wp\/v2\/posts"}],"about":[{"href":"https:\/\/diarioregionaldigital.com.br\/index.php?rest_route=\/wp\/v2\/types\/post"}],"author":[{"embeddable":true,"href":"https:\/\/diarioregionaldigital.com.br\/index.php?rest_route=\/wp\/v2\/users\/246"}],"replies":[{"embeddable":true,"href":"https:\/\/diarioregionaldigital.com.br\/index.php?rest_route=%2Fwp%2Fv2%2Fcomments&post=194368"}],"version-history":[{"count":1,"href":"https:\/\/diarioregionaldigital.com.br\/index.php?rest_route=\/wp\/v2\/posts\/194368\/revisions"}],"predecessor-version":[{"id":194370,"href":"https:\/\/diarioregionaldigital.com.br\/index.php?rest_route=\/wp\/v2\/posts\/194368\/revisions\/194370"}],"wp:featuredmedia":[{"embeddable":true,"href":"https:\/\/diarioregionaldigital.com.br\/index.php?rest_route=\/wp\/v2\/media\/194369"}],"wp:attachment":[{"href":"https:\/\/diarioregionaldigital.com.br\/index.php?rest_route=%2Fwp%2Fv2%2Fmedia&parent=194368"}],"wp:term":[{"taxonomy":"category","embeddable":true,"href":"https:\/\/diarioregionaldigital.com.br\/index.php?rest_route=%2Fwp%2Fv2%2Fcategories&post=194368"},{"taxonomy":"post_tag","embeddable":true,"href":"https:\/\/diarioregionaldigital.com.br\/index.php?rest_route=%2Fwp%2Fv2%2Ftags&post=194368"}],"curies":[{"name":"wp","href":"https:\/\/api.w.org\/{rel}","templated":true}]}}