{"id":194362,"date":"2022-01-31T14:17:49","date_gmt":"2022-01-31T17:17:49","guid":{"rendered":"https:\/\/diarioregionaldigital.com.br\/?p=194362"},"modified":"2022-01-31T14:17:49","modified_gmt":"2022-01-31T17:17:49","slug":"caged-brasil-gerou-27-milhoes-de-empregos-formais-em-2021","status":"publish","type":"post","link":"https:\/\/diarioregionaldigital.com.br\/?p=194362","title":{"rendered":"Caged: Brasil gerou 2,7 milh\u00f5es de empregos formais em 2021"},"content":{"rendered":"<p>O Brasil terminou o ano de 2021 com saldo positivo de 2.730.597 vagas de emprego com carteira de trabalho assinada. Ao longo do ano, foram registradas 20.699.802 admiss\u00f5es e 17.969.205 desligamentos. Os dados foram divulgados hoje (31) pelo Minist\u00e9rio do Trabalho e Previd\u00eancia.<img decoding=\"async\" src=\"https:\/\/agenciabrasil.ebc.com.br\/ebc.png?id=1439538&amp;o=node\" \/><img decoding=\"async\" src=\"https:\/\/agenciabrasil.ebc.com.br\/ebc.gif?id=1439538&amp;o=node\" \/><\/p>\n<p>J\u00e1 o m\u00eas de dezembro registrou retra\u00e7\u00e3o de 265.811 postos de trabalho. O n\u00famero decorre de um total de 1.703.721 de desligamentos e de 1.437.910 admiss\u00f5es.<\/p>\n<p>O estoque de empregos formais no pa\u00eds, que \u00e9 a quantidade total de v\u00ednculos celetistas ativos, em dezembro, ficou em 41.289.692 v\u00ednculos, o que, segundo o minist\u00e9rio, representa uma queda de 0,64% em rela\u00e7\u00e3o ao m\u00eas anterior.<\/p>\n<h2>Contrata\u00e7\u00e3o tempor\u00e1ria<\/h2>\n<p>De acordo com o ministro do Trabalho e Previd\u00eancia, Onyx Lorenzoni, o resultado para o m\u00eas de dezembro era esperado, uma vez que \u201ccomo ocorre rotineiramente no Brasil, temos as comunica\u00e7\u00f5es de demiss\u00e3o principalmente daqueles funcion\u00e1rios que trabalham no regime tempor\u00e1rio\u201d.<\/p>\n<p>\u201cO saldo negativo faz parte fundamentalmente dos trabalhadores tempor\u00e1rios. Mas esse saldo aplicado sobre o acumulado do ano nos d\u00e3o saldo positivo na gera\u00e7\u00e3o de empregos com carteira assinada no Brasil, da ordem de 2,7 milh\u00f5es de postos de trabalho\u201d, acrescentou ao destacar que desde o in\u00edcio do governo de Jair Bolsonar, o pa\u00eds acumula saldo positivo de 3.183.221 novos postos de trabalho.<\/p>\n<h2>Dados por setor<\/h2>\n<p>No acumulado do ano, o saldo de 2,7 milh\u00f5es de postos de trabalho teve, no setor de servi\u00e7os, sua maior contribui\u00e7\u00e3o, com 1.226.026 vagas criadas. Foram 9.284.923 admiss\u00f5es ante a 8.058.897 desligamentos.<\/p>\n<p>O setor de com\u00e9rcio agregou outras 643.754 vagas (4.889.494 admiss\u00f5es e 4.245.740 desligamentos), enquanto a Ind\u00fastria gerou 475.141 novas vagas (3.352.363 admiss\u00f5es e 2.877.222 desligamentos) em 2021.<\/p>\n<p>As atividades de constru\u00e7\u00e3o criaram 244.755 vagas (2.017.403 admiss\u00f5es e 1.772.648 desligamentos), enquanto agricultura, pecu\u00e1ria, produ\u00e7\u00e3o florestal, pesca e aquicultura teve 140.927 novas vagas com carteiras assinadas (1.155.619 admiss\u00f5es e 1.014.692 desligamentos).<\/p>\n<p>O estoque (quantidade total de v\u00ednculos formais ativos) no acumulado do ano apresentou varia\u00e7\u00e3o de 7,08% (na compara\u00e7\u00e3o com 1\u00ba de janeiro de 2021).<\/p>\n<p>J\u00e1 em dezembro, o saldo de empregos foi negativo em quatro dos cinco grupamentos de atividade econ\u00f4mica analisados. O \u00fanico a apresentar saldo positivo (9.013 vagas) foi o de com\u00e9rcio; repara\u00e7\u00e3o de ve\u00edculos automotores e motocicletas.<\/p>\n<p>O saldo da ind\u00fastria ficou negativo em 92.047 vagas; o da constru\u00e7\u00e3o perdeu 52.033 postos de trabalho; o de agricultura, pecu\u00e1ria, produ\u00e7\u00e3o florestal, pesca e aquicultura registrou uma queda de 26.073 vagas; e o de servi\u00e7os diminuiu em 104.670 o saldo de empregos celetistas.<\/p>\n<h2>Regi\u00f5es<\/h2>\n<p>As cinco regi\u00f5es apresentaram saldo positivo de contrata\u00e7\u00f5es ao longo de 2021. Na Regi\u00e3o Sudeste foram criados 1.349.692 postos de trabalho (crescimento de 6,8%); no Sul, o saldo foi de 480.771 postos a mais (alta de 6,61%); no Nordeste foram criados mais 474.578 postos (7,58%); no Centro-Oeste, o acr\u00e9scimo foi de 263.304 vagas (8,07%); e a Regi\u00e3o Norte teve incremento de 154.667 empregos formais (8,62%).<\/p>\n<p>Em dezembro, no entanto, as cinco regi\u00f5es do pa\u00eds registraram saldo negativo no n\u00famero de empregos formais. A regi\u00e3o que perdeu mais vagas foi a Sudeste, com uma queda de 136.120 postos de trabalho (-0,64%).<\/p>\n<p>A queda na Regi\u00e3o Sul ficou em 78.882 vagas (-1,01%), enquanto nas regi\u00f5es Centro-Oeste, Nordeste e Norte apresentaram saldos negativos de 21.476 (-0,61%); 15.823 (-0,23%); e 13.375 vagas (-0,68%), respectivamente.<\/p>\n<h2>Estados<\/h2>\n<p>No acumulado do ano, o estado de S\u00e3o Paulo foi o que abriu maior n\u00famero de empregos formais, totalizando 814.035 novas vagas, o que representa alta de 6,80%. Em segundo lugar est\u00e1 Minas Gerais, com saldo positivo de 305.182 vagas (alta de 7,5); seguido do Rio de Janeiro, com 178.098 novos postos (5,77%).<\/p>\n<p>Os menores saldos foram registrados em Roraima, com gera\u00e7\u00e3o de 4.988 postos de trabalho com carteira assinada; Amap\u00e1 (5.260); e Acre (8.117).<\/p>\n<p>Apenas duas unidades federativas apresentaram saldos positivos em dezembro de 2021: Alagoas (615 postos de trabalho); e Para\u00edba (61 postos).<\/p>\n<p>J\u00e1 os estados com menor saldo foram S\u00e3o Paulo, que registrou uma redu\u00e7\u00e3o de 103.954 no n\u00famero de empregos formais, seguido de Santa Catarina (-36.644 postos de trabalho); e do Paran\u00e1 (-24.346 postos).<\/p>\n<h2>Sal\u00e1rio m\u00e9dio<\/h2>\n<p>O sal\u00e1rio m\u00e9dio de admiss\u00e3o registrado em dezembro foi de R$ 1.793,34. Na compara\u00e7\u00e3o com o m\u00eas anterior (novembro), o aumento real ficou em R$ 1,51, o que corresponde a alta de 0,08%.<\/p>\n<p>Fonte: Ag\u00eancia Brasil<\/p>\n","protected":false},"excerpt":{"rendered":"<p>O Brasil terminou o ano de 2021 com saldo positivo de 2.730.597 vagas de emprego com carteira de trabalho assinada. Ao longo do ano, foram registradas 20.699.802 admiss\u00f5es e 17.969.205 desligamentos. Os dados foram divulgados hoje (31) pelo Minist\u00e9rio do Trabalho e Previd\u00eancia. J\u00e1 o m\u00eas de dezembro registrou retra\u00e7\u00e3o de 265.811 postos de trabalho. [&hellip;]<\/p>\n","protected":false},"author":246,"featured_media":194363,"comment_status":"closed","ping_status":"closed","sticky":false,"template":"","format":"standard","meta":{"footnotes":""},"categories":[436,261,439],"tags":[],"class_list":["post-194362","post","type-post","status-publish","format-standard","has-post-thumbnail","hentry","category-destaque-da-semana","category-economia","category-ultima-hora"],"_links":{"self":[{"href":"https:\/\/diarioregionaldigital.com.br\/index.php?rest_route=\/wp\/v2\/posts\/194362","targetHints":{"allow":["GET"]}}],"collection":[{"href":"https:\/\/diarioregionaldigital.com.br\/index.php?rest_route=\/wp\/v2\/posts"}],"about":[{"href":"https:\/\/diarioregionaldigital.com.br\/index.php?rest_route=\/wp\/v2\/types\/post"}],"author":[{"embeddable":true,"href":"https:\/\/diarioregionaldigital.com.br\/index.php?rest_route=\/wp\/v2\/users\/246"}],"replies":[{"embeddable":true,"href":"https:\/\/diarioregionaldigital.com.br\/index.php?rest_route=%2Fwp%2Fv2%2Fcomments&post=194362"}],"version-history":[{"count":1,"href":"https:\/\/diarioregionaldigital.com.br\/index.php?rest_route=\/wp\/v2\/posts\/194362\/revisions"}],"predecessor-version":[{"id":194364,"href":"https:\/\/diarioregionaldigital.com.br\/index.php?rest_route=\/wp\/v2\/posts\/194362\/revisions\/194364"}],"wp:featuredmedia":[{"embeddable":true,"href":"https:\/\/diarioregionaldigital.com.br\/index.php?rest_route=\/wp\/v2\/media\/194363"}],"wp:attachment":[{"href":"https:\/\/diarioregionaldigital.com.br\/index.php?rest_route=%2Fwp%2Fv2%2Fmedia&parent=194362"}],"wp:term":[{"taxonomy":"category","embeddable":true,"href":"https:\/\/diarioregionaldigital.com.br\/index.php?rest_route=%2Fwp%2Fv2%2Fcategories&post=194362"},{"taxonomy":"post_tag","embeddable":true,"href":"https:\/\/diarioregionaldigital.com.br\/index.php?rest_route=%2Fwp%2Fv2%2Ftags&post=194362"}],"curies":[{"name":"wp","href":"https:\/\/api.w.org\/{rel}","templated":true}]}}