{"id":194353,"date":"2022-01-31T13:40:06","date_gmt":"2022-01-31T16:40:06","guid":{"rendered":"https:\/\/diarioregionaldigital.com.br\/?p=194353"},"modified":"2022-01-31T13:40:06","modified_gmt":"2022-01-31T16:40:06","slug":"policia-militar-registra-homicidio-tentado-no-bairro-bela-aurora","status":"publish","type":"post","link":"https:\/\/diarioregionaldigital.com.br\/?p=194353","title":{"rendered":"Pol\u00edcia Militar registra homic\u00eddio tentado no bairro Bela Aurora"},"content":{"rendered":"<p>No dia 30jan22 por volta das 01h00min, a Pol\u00edcia Militar compareceu na Rua Jos\u00e9 Cl\u00e1udio de Souza no bairro Bela Aurora para verifica\u00e7\u00e3o de disparos de arma de fogo que teriam acontecido no local. Segundo relato, a v\u00edtima, um homem de 31 anos, estava na janela de sua resid\u00eancia quando dois indiv\u00edduos passaram e efetuaram os disparos, vindo um a atingir na regi\u00e3o abdominal e outro na janela. A v\u00edtima foi socorrida at\u00e9 o HPS, onde foi encaminhada ao centro cir\u00fargico. A Per\u00edcia compareceu no local e realizou os trabalhos de praxe. segundo informa\u00e7\u00e3o a motiva\u00e7\u00e3o do crime seria envolvimento com drogas. A PM segue rastreamento para localiza\u00e7\u00e3o dos suspeitos que j\u00e1 foram identificados.<\/p>\n","protected":false},"excerpt":{"rendered":"<p>No dia 30jan22 por volta das 01h00min, a Pol\u00edcia Militar compareceu na Rua Jos\u00e9 Cl\u00e1udio de Souza no bairro Bela Aurora para verifica\u00e7\u00e3o de disparos de arma de fogo que teriam acontecido no local. Segundo relato, a v\u00edtima, um homem de 31 anos, estava na janela de sua resid\u00eancia quando dois indiv\u00edduos passaram e efetuaram [&hellip;]<\/p>\n","protected":false},"author":246,"featured_media":194354,"comment_status":"closed","ping_status":"closed","sticky":false,"template":"","format":"standard","meta":{"footnotes":""},"categories":[301,439],"tags":[],"class_list":["post-194353","post","type-post","status-publish","format-standard","has-post-thumbnail","hentry","category-artigos-policiais","category-ultima-hora"],"_links":{"self":[{"href":"https:\/\/diarioregionaldigital.com.br\/index.php?rest_route=\/wp\/v2\/posts\/194353","targetHints":{"allow":["GET"]}}],"collection":[{"href":"https:\/\/diarioregionaldigital.com.br\/index.php?rest_route=\/wp\/v2\/posts"}],"about":[{"href":"https:\/\/diarioregionaldigital.com.br\/index.php?rest_route=\/wp\/v2\/types\/post"}],"author":[{"embeddable":true,"href":"https:\/\/diarioregionaldigital.com.br\/index.php?rest_route=\/wp\/v2\/users\/246"}],"replies":[{"embeddable":true,"href":"https:\/\/diarioregionaldigital.com.br\/index.php?rest_route=%2Fwp%2Fv2%2Fcomments&post=194353"}],"version-history":[{"count":1,"href":"https:\/\/diarioregionaldigital.com.br\/index.php?rest_route=\/wp\/v2\/posts\/194353\/revisions"}],"predecessor-version":[{"id":194355,"href":"https:\/\/diarioregionaldigital.com.br\/index.php?rest_route=\/wp\/v2\/posts\/194353\/revisions\/194355"}],"wp:featuredmedia":[{"embeddable":true,"href":"https:\/\/diarioregionaldigital.com.br\/index.php?rest_route=\/wp\/v2\/media\/194354"}],"wp:attachment":[{"href":"https:\/\/diarioregionaldigital.com.br\/index.php?rest_route=%2Fwp%2Fv2%2Fmedia&parent=194353"}],"wp:term":[{"taxonomy":"category","embeddable":true,"href":"https:\/\/diarioregionaldigital.com.br\/index.php?rest_route=%2Fwp%2Fv2%2Fcategories&post=194353"},{"taxonomy":"post_tag","embeddable":true,"href":"https:\/\/diarioregionaldigital.com.br\/index.php?rest_route=%2Fwp%2Fv2%2Ftags&post=194353"}],"curies":[{"name":"wp","href":"https:\/\/api.w.org\/{rel}","templated":true}]}}