{"id":194349,"date":"2022-01-30T06:00:38","date_gmt":"2022-01-30T09:00:38","guid":{"rendered":"https:\/\/diarioregionaldigital.com.br\/?p=194349"},"modified":"2022-01-29T01:06:43","modified_gmt":"2022-01-29T04:06:43","slug":"investir-em-educacao","status":"publish","type":"post","link":"https:\/\/diarioregionaldigital.com.br\/?p=194349","title":{"rendered":"Investir em Educa\u00e7\u00e3o"},"content":{"rendered":"<p>Carlos Alberto Serpa \u00e9 um educador incans\u00e1vel. Dirige a Funda\u00e7\u00e3o Cesgranrio, de modo impec\u00e1vel, h\u00e1 cerca de 50 anos, prestando belos servi\u00e7os \u00e0 educa\u00e7\u00e3o brasileira. Segundo ele, para o pa\u00eds crescer \u00e9 preciso investir em educa\u00e7\u00e3o, n\u00e3o se tratando apenas de ampliar recursos, mas aplic\u00e1-los com planejamento, gest\u00e3o e acompanhamento de resultados.<\/p>\n<p>Nos \u00faltimos anos, fizemos investimentos compat\u00edveis com pa\u00edses desenvolvidos, mas os n\u00edveis alcan\u00e7ados n\u00e3o foram desej\u00e1veis. Agora mesmo, estamos \u00e0s voltas com altas taxas de evas\u00e3o escolar.\u00a0 \u00c9 preciso alcan\u00e7ar uma educa\u00e7\u00e3o inclusiva e equitativa, promovendo oportunidades de aprendizagem ao longo da vida para todos.<\/p>\n<p>Somos prejudicados tamb\u00e9m pela baixa capacita\u00e7\u00e3o docente. S\u00e3o palavras de Serpa: \u201cO professor \u00e9 figura fundamental do processo de melhoria da nossa educa\u00e7\u00e3o e ter\u00e1 de sair do simples papel de detentor e transmissor do conhecimento para que o aluno se torne o protagonista do processo educativo. A sala de aula deve ser um ambiente de debate de id\u00e9ias, com diversificados pontos de vista. Devemos elaborar atividades que enfatizam as habilidades socioemocionais.\u201d<\/p>\n<p>Na bem elaborada Revista Cesgranrio, editada para comemorar os 50 anos de funda\u00e7\u00e3o, \u00a0Serpa afirma que o investimento em educa\u00e7\u00e3o transforma-se em capital humano e deve ser incorporado \u00e0 produ\u00e7\u00e3o de bens e servi\u00e7os. Hoje, a educa\u00e7\u00e3o superior recebe a maior parte dos recursos p\u00fablicos. Por isso, a educa\u00e7\u00e3o fundamental e m\u00e9dia \u00e9 de baixa qualidade. O mesmo ocorre com a forma\u00e7\u00e3o de educadores. Da\u00ed a nossa dificuldade de trabalhar com tecnologia mais avan\u00e7ada \u2013 robotiza\u00e7\u00e3o e digitaliza\u00e7\u00e3o. H\u00e1 profundas mudan\u00e7as acontecendo no mundo, mas estamos distante do modelo ideal de sociedade p\u00f3s- industrial. H\u00e1 novas exig\u00eancias e devemos preparar os jovens de forma adequada.<\/p>\n<p>O professor Serpa reconhece que algumas profiss\u00f5es deixar\u00e3o de existir: \u201cNossos jovens precisam ser adequadamente preparados para viver essa nova realidade.\u201d Ele afirma que o s\u00e9culo XXI \u00e9 o momento do empreendedor, com o fim das atividades mec\u00e2nicas e repetitivas. A tecnologia chegou para substitu\u00ed-las. S\u00e3o verdades das quais n\u00e3o podemos nos dissociar.<\/p>\n","protected":false},"excerpt":{"rendered":"<p>Carlos Alberto Serpa \u00e9 um educador incans\u00e1vel. Dirige a Funda\u00e7\u00e3o Cesgranrio, de modo impec\u00e1vel, h\u00e1 cerca de 50 anos, prestando belos servi\u00e7os \u00e0 educa\u00e7\u00e3o brasileira. Segundo ele, para o pa\u00eds crescer \u00e9 preciso investir em educa\u00e7\u00e3o, n\u00e3o se tratando apenas de ampliar recursos, mas aplic\u00e1-los com planejamento, gest\u00e3o e acompanhamento de resultados. Nos \u00faltimos anos, [&hellip;]<\/p>\n","protected":false},"author":96,"featured_media":0,"comment_status":"closed","ping_status":"closed","sticky":false,"template":"","format":"standard","meta":{"footnotes":""},"categories":[275],"tags":[],"class_list":["post-194349","post","type-post","status-publish","format-standard","hentry","category-arnaldo-niskier"],"_links":{"self":[{"href":"https:\/\/diarioregionaldigital.com.br\/index.php?rest_route=\/wp\/v2\/posts\/194349","targetHints":{"allow":["GET"]}}],"collection":[{"href":"https:\/\/diarioregionaldigital.com.br\/index.php?rest_route=\/wp\/v2\/posts"}],"about":[{"href":"https:\/\/diarioregionaldigital.com.br\/index.php?rest_route=\/wp\/v2\/types\/post"}],"author":[{"embeddable":true,"href":"https:\/\/diarioregionaldigital.com.br\/index.php?rest_route=\/wp\/v2\/users\/96"}],"replies":[{"embeddable":true,"href":"https:\/\/diarioregionaldigital.com.br\/index.php?rest_route=%2Fwp%2Fv2%2Fcomments&post=194349"}],"version-history":[{"count":2,"href":"https:\/\/diarioregionaldigital.com.br\/index.php?rest_route=\/wp\/v2\/posts\/194349\/revisions"}],"predecessor-version":[{"id":194351,"href":"https:\/\/diarioregionaldigital.com.br\/index.php?rest_route=\/wp\/v2\/posts\/194349\/revisions\/194351"}],"wp:attachment":[{"href":"https:\/\/diarioregionaldigital.com.br\/index.php?rest_route=%2Fwp%2Fv2%2Fmedia&parent=194349"}],"wp:term":[{"taxonomy":"category","embeddable":true,"href":"https:\/\/diarioregionaldigital.com.br\/index.php?rest_route=%2Fwp%2Fv2%2Fcategories&post=194349"},{"taxonomy":"post_tag","embeddable":true,"href":"https:\/\/diarioregionaldigital.com.br\/index.php?rest_route=%2Fwp%2Fv2%2Ftags&post=194349"}],"curies":[{"name":"wp","href":"https:\/\/api.w.org\/{rel}","templated":true}]}}