{"id":194335,"date":"2022-01-28T10:39:27","date_gmt":"2022-01-28T13:39:27","guid":{"rendered":"https:\/\/diarioregionaldigital.com.br\/?p=194335"},"modified":"2022-01-28T10:39:27","modified_gmt":"2022-01-28T13:39:27","slug":"pjf-divulga-nova-lista-de-convocacao-para-profissionais-da-saude","status":"publish","type":"post","link":"https:\/\/diarioregionaldigital.com.br\/?p=194335","title":{"rendered":"PJF divulga nova lista de convoca\u00e7\u00e3o para profissionais da sa\u00fade"},"content":{"rendered":"<p>Segundo informa\u00e7\u00f5es do site da Prefeitura de Juiz de Fora (PJF), afoi divulgado pela PJF, nesta quinta-feira, 27, a nova listagem de convoca\u00e7\u00e3o para contrata\u00e7\u00e3o tempor\u00e1ria por excepcional interesse p\u00fablico. Foi publicado o edital de convoca\u00e7\u00e3o para o cargo de Enfermeiro Classe<strong>\u00a0<\/strong>TNS I referente ao Edital n.\u00b0 01\/2016. As informa\u00e7\u00f5es est\u00e3o dispon\u00edveis nos\u00a0<a href=\"https:\/\/www.pjf.mg.gov.br\/e_atos\/e_atos.php\"><strong>Atos do Governo<\/strong><\/a>. O candidato que eventualmente n\u00e3o aceitar assumir a vaga tempor\u00e1ria, bem como aquele candidato que eventualmente a aceitar, ter\u00e1 mantida a sua posi\u00e7\u00e3o na ordem classificat\u00f3ria do Concurso P\u00fablico no qual foi aprovado.<\/p>\n<p>O candidato dever\u00e1 declarar, no ato da contrata\u00e7\u00e3o, considerando o disposto no art. 1\u00ba, inc. III, da Portaria do Diretor n.\u00ba 4.379, de 13 de janeiro de 2021, dada a natureza espec\u00edfica da fun\u00e7\u00e3o tempor\u00e1ria a ser exercida e em raz\u00e3o do excepcional interesse p\u00fablico em que se reveste a contrata\u00e7\u00e3o tempor\u00e1ria, que n\u00e3o possui uma ou mais das seguintes doen\u00e7as: diabetes, doen\u00e7as cr\u00f4nicas pulmonares, neoplasia maligna, imunodefici\u00eancias, doen\u00e7as card\u00edacas, diabetes descompensada ou hipertens\u00e3o arterial n\u00e3o controlada; que n\u00e3o se encontra gestante em qualquer hip\u00f3tese e que n\u00e3o \u00e9 respons\u00e1vel pelo cuidado de uma ou mais pessoas com suspeita ou confirma\u00e7\u00e3o de diagn\u00f3stico de infec\u00e7\u00e3o por Covid-19, desde que haja coabita\u00e7\u00e3o.<\/p>\n<p><a href=\"https:\/\/www.pjf.mg.gov.br\/e_atos\/e_atos_vis.php?id=91405\"><strong>Enfermeiros Edital n.\u00b0 01\/2016<\/strong><\/a><br \/>\n<strong>Outras informa\u00e7\u00f5es ligue:<\/strong><\/p>\n<p>(32) 3690-8542<\/p>\n","protected":false},"excerpt":{"rendered":"<p>Segundo informa\u00e7\u00f5es do site da Prefeitura de Juiz de Fora (PJF), afoi divulgado pela PJF, nesta quinta-feira, 27, a nova listagem de convoca\u00e7\u00e3o para contrata\u00e7\u00e3o tempor\u00e1ria por excepcional interesse p\u00fablico. Foi publicado o edital de convoca\u00e7\u00e3o para o cargo de Enfermeiro Classe\u00a0TNS I referente ao Edital n.\u00b0 01\/2016. As informa\u00e7\u00f5es est\u00e3o dispon\u00edveis nos\u00a0Atos do Governo. [&hellip;]<\/p>\n","protected":false},"author":246,"featured_media":194336,"comment_status":"closed","ping_status":"closed","sticky":false,"template":"","format":"standard","meta":{"footnotes":""},"categories":[253,436,439],"tags":[],"class_list":["post-194335","post","type-post","status-publish","format-standard","has-post-thumbnail","hentry","category-cidade","category-destaque-da-semana","category-ultima-hora"],"_links":{"self":[{"href":"https:\/\/diarioregionaldigital.com.br\/index.php?rest_route=\/wp\/v2\/posts\/194335","targetHints":{"allow":["GET"]}}],"collection":[{"href":"https:\/\/diarioregionaldigital.com.br\/index.php?rest_route=\/wp\/v2\/posts"}],"about":[{"href":"https:\/\/diarioregionaldigital.com.br\/index.php?rest_route=\/wp\/v2\/types\/post"}],"author":[{"embeddable":true,"href":"https:\/\/diarioregionaldigital.com.br\/index.php?rest_route=\/wp\/v2\/users\/246"}],"replies":[{"embeddable":true,"href":"https:\/\/diarioregionaldigital.com.br\/index.php?rest_route=%2Fwp%2Fv2%2Fcomments&post=194335"}],"version-history":[{"count":1,"href":"https:\/\/diarioregionaldigital.com.br\/index.php?rest_route=\/wp\/v2\/posts\/194335\/revisions"}],"predecessor-version":[{"id":194337,"href":"https:\/\/diarioregionaldigital.com.br\/index.php?rest_route=\/wp\/v2\/posts\/194335\/revisions\/194337"}],"wp:featuredmedia":[{"embeddable":true,"href":"https:\/\/diarioregionaldigital.com.br\/index.php?rest_route=\/wp\/v2\/media\/194336"}],"wp:attachment":[{"href":"https:\/\/diarioregionaldigital.com.br\/index.php?rest_route=%2Fwp%2Fv2%2Fmedia&parent=194335"}],"wp:term":[{"taxonomy":"category","embeddable":true,"href":"https:\/\/diarioregionaldigital.com.br\/index.php?rest_route=%2Fwp%2Fv2%2Fcategories&post=194335"},{"taxonomy":"post_tag","embeddable":true,"href":"https:\/\/diarioregionaldigital.com.br\/index.php?rest_route=%2Fwp%2Fv2%2Ftags&post=194335"}],"curies":[{"name":"wp","href":"https:\/\/api.w.org\/{rel}","templated":true}]}}