{"id":194327,"date":"2022-01-28T10:28:50","date_gmt":"2022-01-28T13:28:50","guid":{"rendered":"https:\/\/diarioregionaldigital.com.br\/?p=194327"},"modified":"2022-01-28T10:28:50","modified_gmt":"2022-01-28T13:28:50","slug":"obras-interditam-rua-paracatu-em-santa-terezinha-a-partir-do-dia-31","status":"publish","type":"post","link":"https:\/\/diarioregionaldigital.com.br\/?p=194327","title":{"rendered":"Obras interditam Rua Paracatu em Santa Terezinha a partir do dia 31"},"content":{"rendered":"<p>Segundo informa\u00e7\u00f5es do site da Prefeitura de Juiz de Fora, um novo trecho da Rua Paracatu, entre as avenidas Rio Branco e Rui Barbosa, no bairro Santa Terezinha, ser\u00e1 interditado a partir da segunda-feira, 31, para continuidade das obras da nova esta\u00e7\u00e3o elevat\u00f3ria de \u00e1gua da Companhia de Saneamento Municipal (Cesama) da Prefeitura de Juiz de Fora (PJF). O tr\u00e2nsito na via, no sentido Bandeirantes\/Santa Terezinha, estar\u00e1 interditado em per\u00edodo integral e o desvio ser\u00e1 realizado por dentro dos bairros Bom Clima e Nossa Senhora das Gra\u00e7as, pelas ruas Aur\u00e9lio Ferreira Salgado, Ane G\u00e1rios, Domingos Lopes, Gr\u00e3o Mogol e Avenida Rui Barbosa.<\/p>\n<p>O acesso \u00e0 Avenida Rio Branco pela Rua Paracatu estar\u00e1 liberado. Os motoristas que seguem no sentido Santa Terezinha\/Bandeirantes n\u00e3o ter\u00e3o altera\u00e7\u00e3o de trajeto, por\u00e9m, devem ter aten\u00e7\u00e3o e reduzir a velocidade no trecho de obra para evitar acidentes. A interdi\u00e7\u00e3o deve prosseguir at\u00e9 o dia 6 de fevereiro. Os agentes de transporte e tr\u00e2nsito da Secretaria de Mobilidade Urbana (SMU) realizam opera\u00e7\u00f5es no local para orientar os motoristas, que contar\u00e1 com toda a sinaliza\u00e7\u00e3o pertinente.<\/p>\n<p>Os usu\u00e1rios do transporte coletivo devem ficar atentos aos desvios que ser\u00e3o realizados pelos \u00f4nibus, principalmente porque os pontos da Rua Paracatu ser\u00e3o desativados no sentido Bandeirantes\/Santa Terezinha, no trecho interditado.<\/p>\n<p><strong>Refor\u00e7o no abastecimento<\/strong><\/p>\n<p>A elevat\u00f3ria e a rede de recalque ir\u00e3o refor\u00e7ar o abastecimento nas comunidades de Bairu, Bandeirantes, Bom Clima, Quintas da Avenida, Nossa Senhora das Gra\u00e7as, Eldorado, Progresso, Marumbi e Santa Paula. Representando um investimento de mais de R$ 4 milh\u00f5es, as duas interven\u00e7\u00f5es t\u00eam previs\u00e3o de t\u00e9rmino para maio deste ano.<\/p>\n<p>A rede ir\u00e1 transportar \u00e1gua da nova elevat\u00f3ria, que conta com um conjunto motobomba com pot\u00eancia de 175 cavalo-vapor (cv), para a tubula\u00e7\u00e3o existente no cruzamento entre a Avenida Bar\u00e3o do Rio Branco, Centro, e a Rua Paracatu, no Bairro Santa Terezinha. Desse ponto, a \u00e1gua seguir\u00e1 at\u00e9 os novos reservat\u00f3rios da Cesama na Rua Jacob Ant\u00f4nio Scoralick, na parte alta do Bairu.<\/p>\n","protected":false},"excerpt":{"rendered":"<p>Segundo informa\u00e7\u00f5es do site da Prefeitura de Juiz de Fora, um novo trecho da Rua Paracatu, entre as avenidas Rio Branco e Rui Barbosa, no bairro Santa Terezinha, ser\u00e1 interditado a partir da segunda-feira, 31, para continuidade das obras da nova esta\u00e7\u00e3o elevat\u00f3ria de \u00e1gua da Companhia de Saneamento Municipal (Cesama) da Prefeitura de Juiz [&hellip;]<\/p>\n","protected":false},"author":246,"featured_media":194328,"comment_status":"closed","ping_status":"closed","sticky":false,"template":"","format":"standard","meta":{"footnotes":""},"categories":[253,436,439],"tags":[],"class_list":["post-194327","post","type-post","status-publish","format-standard","has-post-thumbnail","hentry","category-cidade","category-destaque-da-semana","category-ultima-hora"],"_links":{"self":[{"href":"https:\/\/diarioregionaldigital.com.br\/index.php?rest_route=\/wp\/v2\/posts\/194327","targetHints":{"allow":["GET"]}}],"collection":[{"href":"https:\/\/diarioregionaldigital.com.br\/index.php?rest_route=\/wp\/v2\/posts"}],"about":[{"href":"https:\/\/diarioregionaldigital.com.br\/index.php?rest_route=\/wp\/v2\/types\/post"}],"author":[{"embeddable":true,"href":"https:\/\/diarioregionaldigital.com.br\/index.php?rest_route=\/wp\/v2\/users\/246"}],"replies":[{"embeddable":true,"href":"https:\/\/diarioregionaldigital.com.br\/index.php?rest_route=%2Fwp%2Fv2%2Fcomments&post=194327"}],"version-history":[{"count":2,"href":"https:\/\/diarioregionaldigital.com.br\/index.php?rest_route=\/wp\/v2\/posts\/194327\/revisions"}],"predecessor-version":[{"id":194330,"href":"https:\/\/diarioregionaldigital.com.br\/index.php?rest_route=\/wp\/v2\/posts\/194327\/revisions\/194330"}],"wp:featuredmedia":[{"embeddable":true,"href":"https:\/\/diarioregionaldigital.com.br\/index.php?rest_route=\/wp\/v2\/media\/194328"}],"wp:attachment":[{"href":"https:\/\/diarioregionaldigital.com.br\/index.php?rest_route=%2Fwp%2Fv2%2Fmedia&parent=194327"}],"wp:term":[{"taxonomy":"category","embeddable":true,"href":"https:\/\/diarioregionaldigital.com.br\/index.php?rest_route=%2Fwp%2Fv2%2Fcategories&post=194327"},{"taxonomy":"post_tag","embeddable":true,"href":"https:\/\/diarioregionaldigital.com.br\/index.php?rest_route=%2Fwp%2Fv2%2Ftags&post=194327"}],"curies":[{"name":"wp","href":"https:\/\/api.w.org\/{rel}","templated":true}]}}