{"id":194311,"date":"2022-01-28T10:13:40","date_gmt":"2022-01-28T13:13:40","guid":{"rendered":"https:\/\/diarioregionaldigital.com.br\/?p=194311"},"modified":"2022-01-28T10:13:40","modified_gmt":"2022-01-28T13:13:40","slug":"em-jogo-com-quatro-participacoes-do-var-brasil-e-equador-empatam","status":"publish","type":"post","link":"https:\/\/diarioregionaldigital.com.br\/?p=194311","title":{"rendered":"Em jogo com quatro participa\u00e7\u00f5es do VAR, Brasil e Equador empatam"},"content":{"rendered":"<p>Brasil e Equador empataram em 1 a 1 no final da tarde desta quinta-feira (27) em jogo v\u00e1lido pela 15\u00aa rodada das Eliminat\u00f3rias Sul-Americanas para a Copa do Mundo do Catar. A partida foi disputada no Est\u00e1dio Casa Blanca em Quito. Mesmo sem a presen\u00e7a do craque Neymar, o time do t\u00e9cnico Tite aproveitou logo a primeira chance e abriu o placar aos cinco minutos de jogo.<\/p>\n<p>Ap\u00f3s da rebatida da defesa, Coutinho cruzou, Matheus Cunha tentou e a bola sobrou para o volante Casemiro abrir o placar. Depois, aos 13 minutos, ocorreu o primeiro lance com a participa\u00e7\u00e3o do \u00e1rbitro de v\u00eddeo. O atacante Matheus Cunha foi atingido pelo goleiro Dom\u00ednguez. Ap\u00f3s revis\u00e3o, o \u00e1rbitro colombiano Wilmar Rold\u00e1n confirmou que a falta foi fora da \u00e1rea e expulsou o jogador do Equador.<\/p>\n<p>Mas a vantagem do Brasil de jogar com um atleta a mais durou muito pouco. Aos 19 minutos, o lateral-direito Emerson, que j\u00e1 tinha cart\u00e3o amarelo, acertou Estrada e foi expulso. E, logo na sequ\u00eancia da partida, ocorreu outra participa\u00e7\u00e3o importante do \u00e1rbitro de v\u00eddeo. Aos 25, o goleiro brasileiro Alisson havia sido expulso depois de atingir Enner Valencia. Mas, Wilmar Rold\u00e1n acabou voltando atr\u00e1s e deu apenas o amarelo para o arqueiro da sele\u00e7\u00e3o de Tite.<\/p>\n<p>No come\u00e7o da segunda etapa, outra revis\u00e3o do VAR. Aos 12 minutos, Rold\u00e1n viu um pis\u00e3o do atacante Raphinha em Estupi\u00f1\u00e1n dentro da \u00e1rea e marcou p\u00eanalti. S\u00f3 que voltou atr\u00e1s depois de rever o lance no v\u00eddeo. O gol de empate do Equador saiu aos 29 minutos da etapa final. Depois de um cruzamento, F\u00e9lix Torres subiu junto com Casemiro e mandou de cabe\u00e7a para o fundo da rede. E, por incr\u00edvel que pare\u00e7a, o juiz Wilmar Rold\u00e1n ainda conseguiu se envolver em mais um lance com o VAR. Aos 45, ele marcou p\u00eanalti do goleiro Alisson em cima de Ayrton Preciado. Mas, depois de rever, mudou de ideia e considerou o lance como legal.<\/p>\n<p>Com esse resultado, o Brasil, que j\u00e1 est\u00e1 classificado \u00e0 Copa do Catar, continua na lideran\u00e7a das Eliminat\u00f3rias com 36 pontos. O Equador, em terceiro, com 24 pontos tem a vaga bem encaminhada para o torneio do final deste ano. O Brasil volta a jogar na ter\u00e7a-feira (01\/02) contra o Paraguai no Est\u00e1dio Mineiro em Belo Horizonte. No mesmo dia, o Equador vai at\u00e9 Lima para enfrentar o Peru.<\/p>\n<p>Fonte: Ag\u00eancia Brasil<\/p>\n","protected":false},"excerpt":{"rendered":"<p>Brasil e Equador empataram em 1 a 1 no final da tarde desta quinta-feira (27) em jogo v\u00e1lido pela 15\u00aa rodada das Eliminat\u00f3rias Sul-Americanas para a Copa do Mundo do Catar. A partida foi disputada no Est\u00e1dio Casa Blanca em Quito. Mesmo sem a presen\u00e7a do craque Neymar, o time do t\u00e9cnico Tite aproveitou logo [&hellip;]<\/p>\n","protected":false},"author":246,"featured_media":194312,"comment_status":"closed","ping_status":"closed","sticky":false,"template":"","format":"standard","meta":{"footnotes":""},"categories":[436,440,257,439],"tags":[],"class_list":["post-194311","post","type-post","status-publish","format-standard","has-post-thumbnail","hentry","category-destaque-da-semana","category-destaques-do-dia","category-esporte","category-ultima-hora"],"_links":{"self":[{"href":"https:\/\/diarioregionaldigital.com.br\/index.php?rest_route=\/wp\/v2\/posts\/194311","targetHints":{"allow":["GET"]}}],"collection":[{"href":"https:\/\/diarioregionaldigital.com.br\/index.php?rest_route=\/wp\/v2\/posts"}],"about":[{"href":"https:\/\/diarioregionaldigital.com.br\/index.php?rest_route=\/wp\/v2\/types\/post"}],"author":[{"embeddable":true,"href":"https:\/\/diarioregionaldigital.com.br\/index.php?rest_route=\/wp\/v2\/users\/246"}],"replies":[{"embeddable":true,"href":"https:\/\/diarioregionaldigital.com.br\/index.php?rest_route=%2Fwp%2Fv2%2Fcomments&post=194311"}],"version-history":[{"count":1,"href":"https:\/\/diarioregionaldigital.com.br\/index.php?rest_route=\/wp\/v2\/posts\/194311\/revisions"}],"predecessor-version":[{"id":194313,"href":"https:\/\/diarioregionaldigital.com.br\/index.php?rest_route=\/wp\/v2\/posts\/194311\/revisions\/194313"}],"wp:featuredmedia":[{"embeddable":true,"href":"https:\/\/diarioregionaldigital.com.br\/index.php?rest_route=\/wp\/v2\/media\/194312"}],"wp:attachment":[{"href":"https:\/\/diarioregionaldigital.com.br\/index.php?rest_route=%2Fwp%2Fv2%2Fmedia&parent=194311"}],"wp:term":[{"taxonomy":"category","embeddable":true,"href":"https:\/\/diarioregionaldigital.com.br\/index.php?rest_route=%2Fwp%2Fv2%2Fcategories&post=194311"},{"taxonomy":"post_tag","embeddable":true,"href":"https:\/\/diarioregionaldigital.com.br\/index.php?rest_route=%2Fwp%2Fv2%2Ftags&post=194311"}],"curies":[{"name":"wp","href":"https:\/\/api.w.org\/{rel}","templated":true}]}}