{"id":194305,"date":"2022-01-28T10:01:59","date_gmt":"2022-01-28T13:01:59","guid":{"rendered":"https:\/\/diarioregionaldigital.com.br\/?p=194305"},"modified":"2022-01-28T10:01:59","modified_gmt":"2022-01-28T13:01:59","slug":"governo-de-minas-firma-protocolo-que-garante-investimentos-em-mais-tres-usinas-solares-em-pirapora","status":"publish","type":"post","link":"https:\/\/diarioregionaldigital.com.br\/?p=194305","title":{"rendered":"Governo de Minas firma protocolo que garante investimentos em mais tr\u00eas usinas solares em Pirapora"},"content":{"rendered":"<p>O\u00a0<a href=\"https:\/\/www.mg.gov.br\/\" target=\"_blank\" rel=\"noopener noreferrer\" data-auth=\"NotApplicable\" data-linkindex=\"0\">Governo do Estado<\/a>\u00a0e a Atlas Renewable Energy assinaram um protocolo de inten\u00e7\u00f5es que garante a constru\u00e7\u00e3o de mais tr\u00eas usinas solares na cidade de Pirapora, na regi\u00e3o Norte. As novas unidades v\u00e3o gerar cerca de 1,2 mil empregos em Minas Gerais durante a fase de implanta\u00e7\u00e3o.<\/p>\n<p>O acordo prev\u00ea a constru\u00e7\u00e3o do complexo Lar do Sol, com capacidade de 239 megawatt-pico, o equivalente para abastecer 261 mil resid\u00eancias, levando-se em considera\u00e7\u00e3o o consumo m\u00e9dio das fam\u00edlias brasileiras. Al\u00e9m disso, o parque vai evitar a emiss\u00e3o de aproximadamente 40,500 toneladas m\u00e9tricas de di\u00f3xido de carbono (CO<sub>2<\/sub>) por ano. A expectativa \u00e9 que o empreendimento entre em opera\u00e7\u00e3o em junho de 2022.<\/p>\n<p><strong>Invest Minas\u00a0\u00a0\u00a0<\/strong><\/p>\n<p>A assinatura do acordo refor\u00e7a o compromisso do Governo com a sustentabilidade, dando condi\u00e7\u00f5es para a atra\u00e7\u00e3o de novos empreendimentos de gera\u00e7\u00e3o de energia limpa, que tamb\u00e9m abrem mais postos de trabalho e incrementam a arrecada\u00e7\u00e3o para munic\u00edpios e Estado.<\/p>\n<p>A Invest Minas teve papel fundamental para possibilitar a abertura de novas usinas. \u201cNossa atua\u00e7\u00e3o consistiu em promover uma intera\u00e7\u00e3o saud\u00e1vel entre a empresa e o Estado, orientando os empreendedores sobre o que fazer para ter acesso a benef\u00edcios fiscais e, assim, viabilizar financeiramente a implementa\u00e7\u00e3o do projeto\u201d, conta o analista de Promo\u00e7\u00e3o de Investimento, Gustavo Pontello, que esteve \u00e0 frente do processo na ag\u00eancia estadual.<\/p>\n<p><strong>Energia limpa\u00a0<\/strong><\/p>\n<p>Em novembro de 2021, Minas Gerais alcan\u00e7ou a marca hist\u00f3rica de 2 gigawatts (GW) em opera\u00e7\u00e3o de fonte solar, somando-se os valores de gera\u00e7\u00e3o centralizada e distribu\u00edda. Segundo a Associa\u00e7\u00e3o Brasileira de Energia Solar Fotovoltaica (Absolar), j\u00e1 s\u00e3o 1,4 GW de pot\u00eancia instalada em gera\u00e7\u00e3o distribu\u00edda, colocando o estado na lideran\u00e7a brasileira no setor, com 17,5% da produ\u00e7\u00e3o nacional.<\/p>\n<p>No mesmo m\u00eas, o Governo publicou o Decreto n\u00ba 48.296\/2021, que concede isen\u00e7\u00e3o do ICMS nas opera\u00e7\u00f5es de importa\u00e7\u00e3o de equipamentos e componentes para gera\u00e7\u00e3o de energia solar e e\u00f3lica. A medida garante aos projetos instalados em territ\u00f3rio mineiro acesso a bons fornecedores de componentes, al\u00e9m dos que j\u00e1 existem no estado, melhorando a competitividade nesse mercado.<\/p>\n<p>Fonte: Ag\u00eancia Minas<\/p>\n","protected":false},"excerpt":{"rendered":"<p>O\u00a0Governo do Estado\u00a0e a Atlas Renewable Energy assinaram um protocolo de inten\u00e7\u00f5es que garante a constru\u00e7\u00e3o de mais tr\u00eas usinas solares na cidade de Pirapora, na regi\u00e3o Norte. As novas unidades v\u00e3o gerar cerca de 1,2 mil empregos em Minas Gerais durante a fase de implanta\u00e7\u00e3o. O acordo prev\u00ea a constru\u00e7\u00e3o do complexo Lar do [&hellip;]<\/p>\n","protected":false},"author":246,"featured_media":194306,"comment_status":"closed","ping_status":"closed","sticky":false,"template":"","format":"standard","meta":{"footnotes":""},"categories":[436,254,439],"tags":[],"class_list":["post-194305","post","type-post","status-publish","format-standard","has-post-thumbnail","hentry","category-destaque-da-semana","category-politica","category-ultima-hora"],"_links":{"self":[{"href":"https:\/\/diarioregionaldigital.com.br\/index.php?rest_route=\/wp\/v2\/posts\/194305","targetHints":{"allow":["GET"]}}],"collection":[{"href":"https:\/\/diarioregionaldigital.com.br\/index.php?rest_route=\/wp\/v2\/posts"}],"about":[{"href":"https:\/\/diarioregionaldigital.com.br\/index.php?rest_route=\/wp\/v2\/types\/post"}],"author":[{"embeddable":true,"href":"https:\/\/diarioregionaldigital.com.br\/index.php?rest_route=\/wp\/v2\/users\/246"}],"replies":[{"embeddable":true,"href":"https:\/\/diarioregionaldigital.com.br\/index.php?rest_route=%2Fwp%2Fv2%2Fcomments&post=194305"}],"version-history":[{"count":1,"href":"https:\/\/diarioregionaldigital.com.br\/index.php?rest_route=\/wp\/v2\/posts\/194305\/revisions"}],"predecessor-version":[{"id":194307,"href":"https:\/\/diarioregionaldigital.com.br\/index.php?rest_route=\/wp\/v2\/posts\/194305\/revisions\/194307"}],"wp:featuredmedia":[{"embeddable":true,"href":"https:\/\/diarioregionaldigital.com.br\/index.php?rest_route=\/wp\/v2\/media\/194306"}],"wp:attachment":[{"href":"https:\/\/diarioregionaldigital.com.br\/index.php?rest_route=%2Fwp%2Fv2%2Fmedia&parent=194305"}],"wp:term":[{"taxonomy":"category","embeddable":true,"href":"https:\/\/diarioregionaldigital.com.br\/index.php?rest_route=%2Fwp%2Fv2%2Fcategories&post=194305"},{"taxonomy":"post_tag","embeddable":true,"href":"https:\/\/diarioregionaldigital.com.br\/index.php?rest_route=%2Fwp%2Fv2%2Ftags&post=194305"}],"curies":[{"name":"wp","href":"https:\/\/api.w.org\/{rel}","templated":true}]}}