{"id":194302,"date":"2022-01-28T09:57:10","date_gmt":"2022-01-28T12:57:10","guid":{"rendered":"https:\/\/diarioregionaldigital.com.br\/?p=194302"},"modified":"2022-01-28T09:57:10","modified_gmt":"2022-01-28T12:57:10","slug":"um-a-cada-mil-infectados-com-covid-precisa-de-uti-indica-ses-mg","status":"publish","type":"post","link":"https:\/\/diarioregionaldigital.com.br\/?p=194302","title":{"rendered":"Um a cada mil infectados com covid precisa de UTI, indica SES-MG"},"content":{"rendered":"<p>A cada 1\u00a0mil pessoas infectadas com a covid-19, neste momento, apenas uma vai para a UTI. A informa\u00e7\u00e3o foi apresentada pelo secret\u00e1rio de Estado de\u00a0<a href=\"http:\/\/www.saude.mg.gov.br\/\" target=\"_blank\" rel=\"noopener\">Sa\u00fade<\/a>, o m\u00e9dico F\u00e1bio Baccheretti, nesta quinta-feira (27\/1), em coletiva \u00e0 imprensa para an\u00e1lise da situa\u00e7\u00e3o da pandemia no estado.\u00a0Apesar da alta incid\u00eancia da variante \u00f4micron, o que se percebe, segundo o secret\u00e1rio,\u00a0\u00e9 que\u00a0o aumento do n\u00famero de mortes &#8220;n\u00e3o acompanha o que ocorre na incid\u00eancia de casos&#8221;. Al\u00e9m disso,\u00a0a vacina\u00e7\u00e3o tem se mostrado eficaz para conter \u00f3bitos e casos graves da doen\u00e7a.<\/p>\n<p>&#8220;Se tiv\u00e9ssemos este cen\u00e1rio de alta incid\u00eancia um ano atr\u00e1s, sem vacina, estar\u00edamos vivenciando um per\u00edodo muito mais dif\u00edcil\u201d, afirmou Baccheretti.<\/p>\n<p>Em mar\u00e7o do ano passado, o n\u00famero de \u00f3bitos decorrentes da infec\u00e7\u00e3o por coronav\u00edrus,\u00a0por semana, chegou a 2.777. Atualmente, est\u00e1 em 87. J\u00e1 em\u00a0rela\u00e7\u00e3o \u00e0s interna\u00e7\u00f5es por S\u00edndrome Respirat\u00f3ria Aguda Grave (SRAG), quadro que inclui, entre outras doen\u00e7as, a covid, o n\u00famero de ocorr\u00eancias tamb\u00e9m \u00e9 inferior ao mesmo per\u00edodo de 2021.<\/p>\n<p>&#8221; A propor\u00e7\u00e3o de pessoas que eram internadas em UTI por causa da covid, em rela\u00e7\u00e3o \u00e0s que se infectavam pela doen\u00e7a, no ano passado, era de 2,9%. Hoje, essa propor\u00e7\u00e3o \u00e9 0,09%&#8221;, apontou F\u00e1bio Baccheretti. &#8220;\u00c9 um dado muito menor do que vivenciamos em 2021\u201d, pontuou.<\/p>\n<p><strong>Vacina\u00e7\u00e3o<\/strong><\/p>\n<p>Ao lado do governador Romeu Zema, o\u00a0secret\u00e1rio F\u00e1bio Baccheretti enfatizou que o\u00a0<a href=\"http:\/\/www.mg.gov.br\/\" target=\"_blank\" rel=\"noopener\">Governo do Estado<\/a>\u00a0est\u00e1 trabalhando para fortalecer a assist\u00eancia e vacinar o maior n\u00famero de mineiros para enfrentar este momento da pandemia, tendo em vista que\u00a0<a href=\"https:\/\/www.agenciaminas.mg.gov.br\/noticia\/mais-de-2-5-milhoes-de-mineiras-e-mineiros-ainda-nao-completaram-o-esquema-de-vacinacao-contra-a-covid\" target=\"_blank\" rel=\"noopener\">mais de 2,5 milh\u00f5es de mineiras e mineiros ainda n\u00e3o completaram o esquema de vacina\u00e7\u00e3o<\/a>.<\/p>\n<p>Minas Gerais aplicou, at\u00e9 o momento, 37.199.153 milh\u00f5es de doses de vacina contra covid, sendo que, entre o p\u00fablico acima de 12 anos, 87,37% das pessoas j\u00e1 tomaram a primeira e a segunda doses do imunizante.<\/p>\n<p><strong>Pico<\/strong><\/p>\n<p>O estado vivencia, nesta semana, o pico da doen\u00e7a com o avan\u00e7o da variante \u00f4micron. Nessa quarta-feira (26\/1), foram 36.383 registros em 24 horas,\u00a0o maior n\u00famero desde o in\u00edcio da pandemia. Apesar disso, conforme j\u00e1 enfatizado\u00a0pela Secretaria de Estado de Sa\u00fade, as interna\u00e7\u00f5es e os \u00f3bitos n\u00e3o aumentaram na mesma propor\u00e7\u00e3o.<\/p>\n<p><strong>Calend\u00e1rio escolar<\/strong><\/p>\n<p>Outro ponto abordado durante a coletiva de imprensa foi o calend\u00e1rio escolar. A volta \u00e0s aulas em Minas Gerais est\u00e1 mantida para 7\/2 nas escolas da rede estadual de ensino. Baccheretti tranquilizou pais e\/ou respons\u00e1veis quanto ao retorno seguro das crian\u00e7as \u00e0s salas de aulas, ressaltando que as escolas s\u00e3o ambientes controlados, com protocolos sanit\u00e1rios definidos e corretos, tais como uso de m\u00e1scaras e \u00e1lcool 70%.<\/p>\n<p>Fonte: Ag\u00eancia Minas<\/p>\n","protected":false},"excerpt":{"rendered":"<p>A cada 1\u00a0mil pessoas infectadas com a covid-19, neste momento, apenas uma vai para a UTI. A informa\u00e7\u00e3o foi apresentada pelo secret\u00e1rio de Estado de\u00a0Sa\u00fade, o m\u00e9dico F\u00e1bio Baccheretti, nesta quinta-feira (27\/1), em coletiva \u00e0 imprensa para an\u00e1lise da situa\u00e7\u00e3o da pandemia no estado.\u00a0Apesar da alta incid\u00eancia da variante \u00f4micron, o que se percebe, segundo [&hellip;]<\/p>\n","protected":false},"author":246,"featured_media":194303,"comment_status":"closed","ping_status":"closed","sticky":false,"template":"","format":"standard","meta":{"footnotes":""},"categories":[436,254,439],"tags":[],"class_list":["post-194302","post","type-post","status-publish","format-standard","has-post-thumbnail","hentry","category-destaque-da-semana","category-politica","category-ultima-hora"],"_links":{"self":[{"href":"https:\/\/diarioregionaldigital.com.br\/index.php?rest_route=\/wp\/v2\/posts\/194302","targetHints":{"allow":["GET"]}}],"collection":[{"href":"https:\/\/diarioregionaldigital.com.br\/index.php?rest_route=\/wp\/v2\/posts"}],"about":[{"href":"https:\/\/diarioregionaldigital.com.br\/index.php?rest_route=\/wp\/v2\/types\/post"}],"author":[{"embeddable":true,"href":"https:\/\/diarioregionaldigital.com.br\/index.php?rest_route=\/wp\/v2\/users\/246"}],"replies":[{"embeddable":true,"href":"https:\/\/diarioregionaldigital.com.br\/index.php?rest_route=%2Fwp%2Fv2%2Fcomments&post=194302"}],"version-history":[{"count":1,"href":"https:\/\/diarioregionaldigital.com.br\/index.php?rest_route=\/wp\/v2\/posts\/194302\/revisions"}],"predecessor-version":[{"id":194304,"href":"https:\/\/diarioregionaldigital.com.br\/index.php?rest_route=\/wp\/v2\/posts\/194302\/revisions\/194304"}],"wp:featuredmedia":[{"embeddable":true,"href":"https:\/\/diarioregionaldigital.com.br\/index.php?rest_route=\/wp\/v2\/media\/194303"}],"wp:attachment":[{"href":"https:\/\/diarioregionaldigital.com.br\/index.php?rest_route=%2Fwp%2Fv2%2Fmedia&parent=194302"}],"wp:term":[{"taxonomy":"category","embeddable":true,"href":"https:\/\/diarioregionaldigital.com.br\/index.php?rest_route=%2Fwp%2Fv2%2Fcategories&post=194302"},{"taxonomy":"post_tag","embeddable":true,"href":"https:\/\/diarioregionaldigital.com.br\/index.php?rest_route=%2Fwp%2Fv2%2Ftags&post=194302"}],"curies":[{"name":"wp","href":"https:\/\/api.w.org\/{rel}","templated":true}]}}