{"id":194299,"date":"2022-01-28T09:54:45","date_gmt":"2022-01-28T12:54:45","guid":{"rendered":"https:\/\/diarioregionaldigital.com.br\/?p=194299"},"modified":"2022-01-28T09:54:45","modified_gmt":"2022-01-28T12:54:45","slug":"governo-de-minas-anuncia-abertura-de-122-leitos-para-tratamento-de-covid-em-bh-2","status":"publish","type":"post","link":"https:\/\/diarioregionaldigital.com.br\/?p=194299","title":{"rendered":"Governo de Minas anuncia abertura de 122 leitos para tratamento de covid em BH"},"content":{"rendered":"<p><main class=\"clear margin-md-bottom-3\"><\/p>\n<div class=\"clear \">\n<p>O governador Romeu Zema anunciou, nesta quinta-feira (27\/1), a abertura de 20 leitos de UTI \u2013 10 para crian\u00e7as e 10 para adultos &#8211; e outros 102 de enfermaria em Belo Horizonte para o atendimento dos casos de covid-19. O\u00a0<a href=\"http:\/\/www.mg.gov.br\/\" target=\"_blank\" rel=\"noopener\">Governo de Minas<\/a>\u00a0tamb\u00e9m ir\u00e1 destinar R$ 47,4 milh\u00f5es para o custeio das a\u00e7\u00f5es e servi\u00e7os de sa\u00fade em unidades hospitalares de todas as regi\u00f5es do estado. Ainda ser\u00e3o distribu\u00eddos, na pr\u00f3xima semana, cerca de 1,5 milh\u00e3o de testes r\u00e1pidos para a detec\u00e7\u00e3o do coronav\u00edrus.<\/p>\n<p>Zema explicou a import\u00e2ncia dos investimentos e a\u00e7\u00f5es para garantir a assist\u00eancia e o atendimento m\u00e9dico aos mineiros, mas lembrou que \u00e9 fundamental a popula\u00e7\u00e3o fazer a sua parte completando o ciclo vacinal, mantendo as medidas de higiene e evitando aglomera\u00e7\u00f5es.<\/p>\n<p>\u201cO Estado est\u00e1 fazendo da parte dele, mas se as pessoas n\u00e3o tiverem consci\u00eancia a situa\u00e7\u00e3o n\u00e3o vai ser resolvida. N\u00f3s j\u00e1 aplicamos mais de 37 milh\u00f5es de doses, mas ainda temos muitas pessoas que n\u00e3o tomaram ou n\u00e3o completaram o seu ciclo de vacina. A dose de refor\u00e7o \u00e9 important\u00edssima. Fica cada vez mais provado que pessoas que est\u00e3o sendo hospitalizadas com o quadro grave s\u00e3o pessoas que se recusaram a tomar a vacina ou n\u00e3o voltaram para receber as outras doses. Precisamos de mais responsabilidade e consci\u00eancia das pessoas\u201d, afirmou o governador.<\/p>\n<p><strong>Trabalho<\/strong><\/p>\n<p>Os 102 novos leitos de enfermaria adulta ser\u00e3o abertos nos hospitais da\u00a0<a href=\"http:\/\/www.fhemig.mg.gov.br\/\" target=\"_blank\" rel=\"noopener\">Funda\u00e7\u00e3o Hospitalar do Estado de Minas Gerais (Fhemig)<\/a>\u00a0em Belo Horizonte. Dez leitos de UTI pedi\u00e1trica foram abertos no hospital Jo\u00e3o Paulo II, dedicado \u00e0s crian\u00e7as. Outros dez leitos de terapia intensiva adulta ser\u00e3o instalados em demais unidades da capital mineira. A abertura dos leitos em Belo Horizonte se deu pelo aumento do n\u00famero de casos de covid-19, principalmente pela variante \u00f4micron, que pressionou o sistema de sa\u00fade do munic\u00edpio.<\/p>\n<p>\u201cMesmo com a queda nos \u00faltimos meses do ano passado, o Estado manteve abertos mais de 2.100 leitos de UTI. Neste momento, com a demanda causada pela variante \u00f4micron, o Governo de Minas est\u00e1 abrindo mais leitos em Belo Horizonte, onde a ocupa\u00e7\u00e3o est\u00e1 mais alta. Al\u00e9m disso, vamos publicar uma resolu\u00e7\u00e3o de transfer\u00eancia de mais de R$ 47 milh\u00f5es para os munic\u00edpios. Este recurso poder\u00e1 servir para a compra de medicamentos, insumos, melhoria do atendimento nas UPAs, nos hospitais, em leitos. O munic\u00edpio poder\u00e1 utilizar este recurso no enfrentamento \u00e0 covid\u201d, afirmou o secret\u00e1rio de Estado de Sa\u00fade, o m\u00e9dico F\u00e1bio Baccheretti, durante coletiva \u00e0 imprensa nesta quinta-feira, ao lado do governador Romeu Zema.<\/p>\n<p>A\u00a0<a href=\"http:\/\/www.saude.mg.gov.br\/\" target=\"_blank\" rel=\"noopener\">Secretaria de Estado de Sa\u00fade (SES-MG)<\/a>\u00a0tamb\u00e9m ir\u00e1 enviar, na pr\u00f3xima semana, cerca de 1,5 milh\u00e3o de testes r\u00e1pidos para detec\u00e7\u00e3o da covid-19 aos munic\u00edpios mineiros. Somente em janeiro, outros 1,5 milh\u00e3o j\u00e1 foram repassados \u00e0s cidades mineiras.<\/p>\n<p>Fonte: Ag\u00eancia Minas<\/p>\n<\/div>\n<p><\/main><\/p>\n","protected":false},"excerpt":{"rendered":"<p>O governador Romeu Zema anunciou, nesta quinta-feira (27\/1), a abertura de 20 leitos de UTI \u2013 10 para crian\u00e7as e 10 para adultos &#8211; e outros 102 de enfermaria em Belo Horizonte para o atendimento dos casos de covid-19. O\u00a0Governo de Minas\u00a0tamb\u00e9m ir\u00e1 destinar R$ 47,4 milh\u00f5es para o custeio das a\u00e7\u00f5es e servi\u00e7os de [&hellip;]<\/p>\n","protected":false},"author":246,"featured_media":194300,"comment_status":"closed","ping_status":"closed","sticky":false,"template":"","format":"standard","meta":{"footnotes":""},"categories":[436,440,254,439],"tags":[],"class_list":["post-194299","post","type-post","status-publish","format-standard","has-post-thumbnail","hentry","category-destaque-da-semana","category-destaques-do-dia","category-politica","category-ultima-hora"],"_links":{"self":[{"href":"https:\/\/diarioregionaldigital.com.br\/index.php?rest_route=\/wp\/v2\/posts\/194299","targetHints":{"allow":["GET"]}}],"collection":[{"href":"https:\/\/diarioregionaldigital.com.br\/index.php?rest_route=\/wp\/v2\/posts"}],"about":[{"href":"https:\/\/diarioregionaldigital.com.br\/index.php?rest_route=\/wp\/v2\/types\/post"}],"author":[{"embeddable":true,"href":"https:\/\/diarioregionaldigital.com.br\/index.php?rest_route=\/wp\/v2\/users\/246"}],"replies":[{"embeddable":true,"href":"https:\/\/diarioregionaldigital.com.br\/index.php?rest_route=%2Fwp%2Fv2%2Fcomments&post=194299"}],"version-history":[{"count":1,"href":"https:\/\/diarioregionaldigital.com.br\/index.php?rest_route=\/wp\/v2\/posts\/194299\/revisions"}],"predecessor-version":[{"id":194301,"href":"https:\/\/diarioregionaldigital.com.br\/index.php?rest_route=\/wp\/v2\/posts\/194299\/revisions\/194301"}],"wp:featuredmedia":[{"embeddable":true,"href":"https:\/\/diarioregionaldigital.com.br\/index.php?rest_route=\/wp\/v2\/media\/194300"}],"wp:attachment":[{"href":"https:\/\/diarioregionaldigital.com.br\/index.php?rest_route=%2Fwp%2Fv2%2Fmedia&parent=194299"}],"wp:term":[{"taxonomy":"category","embeddable":true,"href":"https:\/\/diarioregionaldigital.com.br\/index.php?rest_route=%2Fwp%2Fv2%2Fcategories&post=194299"},{"taxonomy":"post_tag","embeddable":true,"href":"https:\/\/diarioregionaldigital.com.br\/index.php?rest_route=%2Fwp%2Fv2%2Ftags&post=194299"}],"curies":[{"name":"wp","href":"https:\/\/api.w.org\/{rel}","templated":true}]}}