{"id":194296,"date":"2022-01-28T09:42:58","date_gmt":"2022-01-28T12:42:58","guid":{"rendered":"https:\/\/diarioregionaldigital.com.br\/?p=194296"},"modified":"2022-01-28T09:42:58","modified_gmt":"2022-01-28T12:42:58","slug":"caixa-paga-auxilio-brasil-a-cadastrados-com-nis-final-9","status":"publish","type":"post","link":"https:\/\/diarioregionaldigital.com.br\/?p=194296","title":{"rendered":"Caixa paga Aux\u00edlio Brasil a cadastrados com NIS final 9"},"content":{"rendered":"<p>A Caixa paga nesta\u00a0sexta-feira (28) o Aux\u00edlio Brasil a\u00a0benefici\u00e1rios com N\u00famero de Inscri\u00e7\u00e3o Social (NIS) final 9. O valor m\u00ednimo do benef\u00edcio \u00e9 R$ 400. As datas seguir\u00e3o o modelo do Bolsa Fam\u00edlia, que pagava os benefici\u00e1rios nos dez \u00faltimos dias \u00fateis do m\u00eas.<img decoding=\"async\" src=\"https:\/\/agenciabrasil.ebc.com.br\/ebc.png?id=1439145&amp;o=node\" \/><img decoding=\"async\" src=\"https:\/\/agenciabrasil.ebc.com.br\/ebc.gif?id=1439145&amp;o=node\" \/><\/p>\n<p>Em janeiro, 3 milh\u00f5es de fam\u00edlias foram inclu\u00eddas no programa, aumentando para 17,5 milh\u00f5es o total atendido. Segundo o Minist\u00e9rio da Cidadania, ser\u00e3o gastos R$ 7,1 bilh\u00f5es neste m\u00eas com o Aux\u00edlio Brasil.<\/p>\n<p>O benefici\u00e1rio poder\u00e1 consultar informa\u00e7\u00f5es sobre datas de pagamento, valor do benef\u00edcio e composi\u00e7\u00e3o das parcelas em dois aplicativos: Aux\u00edlio Brasil, desenvolvido para o programa social, e o Caixa Tem, usado para acompanhar as contas poupan\u00e7a digitais do banco.<\/p>\n<h2>Confira o calend\u00e1rio:<\/h2>\n<table class=\"dcf-table dcf-table-responsive dcf-table-bordered dcf-table-striped dcf-w-100%\">\n<thead>\n<tr>\n<th scope=\"col\">Final do NIS<\/th>\n<th scope=\"col\">Dia do pagamento<\/th>\n<\/tr>\n<\/thead>\n<tbody>\n<tr>\n<th scope=\"row\">1<\/th>\n<td data-label=\"Dia do pagamento\">18 de janeiro<\/td>\n<\/tr>\n<tr>\n<th scope=\"row\">2<\/th>\n<td data-label=\"Dia do pagamento\">19 de janeiro<\/td>\n<\/tr>\n<tr>\n<th scope=\"row\">3<\/th>\n<td data-label=\"Dia do pagamento\">20 de janeiro<\/td>\n<\/tr>\n<tr>\n<th scope=\"row\">4<\/th>\n<td data-label=\"Dia do pagamento\">21 de janeiro<\/td>\n<\/tr>\n<tr>\n<th scope=\"row\">5<\/th>\n<td data-label=\"Dia do pagamento\">24 de janeiro<\/td>\n<\/tr>\n<tr>\n<th scope=\"row\">6<\/th>\n<td data-label=\"Dia do pagamento\">25 de janeiro<\/td>\n<\/tr>\n<tr>\n<th scope=\"row\">7<\/th>\n<td data-label=\"Dia do pagamento\">26 de janeiro<\/td>\n<\/tr>\n<tr>\n<th scope=\"row\">8<\/th>\n<td data-label=\"Dia do pagamento\">27 de janeiro<\/td>\n<\/tr>\n<tr>\n<th scope=\"row\">9<\/th>\n<td data-label=\"Dia do pagamento\">28 de janeiro<\/td>\n<\/tr>\n<tr>\n<th scope=\"row\">0<\/th>\n<td data-label=\"Dia do pagamento\">31 de janeiro<\/td>\n<\/tr>\n<\/tbody>\n<\/table>\n<h2>Aux\u00edlio G\u00e1s<\/h2>\n<p>O Aux\u00edlio G\u00e1s tamb\u00e9m \u00e9 pago\u00a0hoje\u00a0&#8211; retroativamente &#8211; \u00e0s fam\u00edlias inscritas\u00a0no Cadastro \u00danico para Programas Sociais do Governo Federal (Cad\u00danico), com NIS final 9. O benef\u00edcio segue o calend\u00e1rio regular de pagamentos do Aux\u00edlio Brasil.<\/p>\n<p>Com dura\u00e7\u00e3o prevista de cinco anos, programa beneficiar\u00e1 5,5 milh\u00f5es de fam\u00edlias\u00a0at\u00e9 o fim de 2026, com o pagamento de 50% do pre\u00e7o m\u00e9dio do botij\u00e3o de 13 quilos a cada dois meses. Atualmente, a parcela equivale a R$ 52. Para este ano, o Aux\u00edlio G\u00e1s tem or\u00e7amento de R$ 1,9 bilh\u00e3o.<\/p>\n<p>S\u00f3 pode fazer parte do programa quem est\u00e1 inclu\u00eddo no Cad\u00danico e tenha pelo menos um membro da fam\u00edlia que receba o Benef\u00edcio de Presta\u00e7\u00e3o Continuada (BPC).<\/p>\n<p>A lei que criou o programa definiu que a mulher respons\u00e1vel pela fam\u00edlia\u00a0ter\u00e1 prefer\u00eancia, assim como mulheres v\u00edtimas de viol\u00eancia\u00a0dom\u00e9stica.<\/p>\n<h2>Benef\u00edcios b\u00e1sicos<\/h2>\n<p>O Aux\u00edlio Brasil tem tr\u00eas benef\u00edcios b\u00e1sicos e seis suplementares, que podem ser adicionados caso o benefici\u00e1rio consiga emprego ou tenha filho que se destaque em competi\u00e7\u00f5es esportivas, cient\u00edficas ou\u00a0acad\u00eamicas.<\/p>\n<p>Podem receber o benef\u00edcio fam\u00edlias com renda\u00a0<em>per capita<\/em>\u00a0at\u00e9 R$ 100, consideradas em situa\u00e7\u00e3o de extrema pobreza, e at\u00e9 R$ 200, em condi\u00e7\u00e3o de pobreza.<\/p>\n<p>A\u00a0<strong>Ag\u00eancia Brasil<\/strong>\u00a0elaborou\u00a0<a href=\"http:\/\/agenciabrasil.ebc.com.br\/economia\/noticia\/2021-11\/agencia-brasil-explica-como-vai-funcionar-o-auxilio-brasil\" target=\"_blank\" rel=\"noopener\">guia de perguntas e respostas<\/a>\u00a0sobre o Aux\u00edlio Brasil. Entre as d\u00favidas que o benefici\u00e1rio pode tirar est\u00e3o crit\u00e9rios para integrar o programa social, os nove tipos diferentes de benef\u00edcios e o que aconteceu com o Bolsa Fam\u00edlia e o aux\u00edlio emergencial, que vigoraram at\u00e9 outubro.<\/p>\n<p>Fonte: Ag\u00eancia Brasil<\/p>\n","protected":false},"excerpt":{"rendered":"<p>A Caixa paga nesta\u00a0sexta-feira (28) o Aux\u00edlio Brasil a\u00a0benefici\u00e1rios com N\u00famero de Inscri\u00e7\u00e3o Social (NIS) final 9. O valor m\u00ednimo do benef\u00edcio \u00e9 R$ 400. As datas seguir\u00e3o o modelo do Bolsa Fam\u00edlia, que pagava os benefici\u00e1rios nos dez \u00faltimos dias \u00fateis do m\u00eas. Em janeiro, 3 milh\u00f5es de fam\u00edlias foram inclu\u00eddas no programa, aumentando [&hellip;]<\/p>\n","protected":false},"author":246,"featured_media":194297,"comment_status":"closed","ping_status":"closed","sticky":false,"template":"","format":"standard","meta":{"footnotes":""},"categories":[436,261,439],"tags":[],"class_list":["post-194296","post","type-post","status-publish","format-standard","has-post-thumbnail","hentry","category-destaque-da-semana","category-economia","category-ultima-hora"],"_links":{"self":[{"href":"https:\/\/diarioregionaldigital.com.br\/index.php?rest_route=\/wp\/v2\/posts\/194296","targetHints":{"allow":["GET"]}}],"collection":[{"href":"https:\/\/diarioregionaldigital.com.br\/index.php?rest_route=\/wp\/v2\/posts"}],"about":[{"href":"https:\/\/diarioregionaldigital.com.br\/index.php?rest_route=\/wp\/v2\/types\/post"}],"author":[{"embeddable":true,"href":"https:\/\/diarioregionaldigital.com.br\/index.php?rest_route=\/wp\/v2\/users\/246"}],"replies":[{"embeddable":true,"href":"https:\/\/diarioregionaldigital.com.br\/index.php?rest_route=%2Fwp%2Fv2%2Fcomments&post=194296"}],"version-history":[{"count":1,"href":"https:\/\/diarioregionaldigital.com.br\/index.php?rest_route=\/wp\/v2\/posts\/194296\/revisions"}],"predecessor-version":[{"id":194298,"href":"https:\/\/diarioregionaldigital.com.br\/index.php?rest_route=\/wp\/v2\/posts\/194296\/revisions\/194298"}],"wp:featuredmedia":[{"embeddable":true,"href":"https:\/\/diarioregionaldigital.com.br\/index.php?rest_route=\/wp\/v2\/media\/194297"}],"wp:attachment":[{"href":"https:\/\/diarioregionaldigital.com.br\/index.php?rest_route=%2Fwp%2Fv2%2Fmedia&parent=194296"}],"wp:term":[{"taxonomy":"category","embeddable":true,"href":"https:\/\/diarioregionaldigital.com.br\/index.php?rest_route=%2Fwp%2Fv2%2Fcategories&post=194296"},{"taxonomy":"post_tag","embeddable":true,"href":"https:\/\/diarioregionaldigital.com.br\/index.php?rest_route=%2Fwp%2Fv2%2Ftags&post=194296"}],"curies":[{"name":"wp","href":"https:\/\/api.w.org\/{rel}","templated":true}]}}