{"id":194293,"date":"2022-01-28T09:39:44","date_gmt":"2022-01-28T12:39:44","guid":{"rendered":"https:\/\/diarioregionaldigital.com.br\/?p=194293"},"modified":"2022-01-28T09:39:44","modified_gmt":"2022-01-28T12:39:44","slug":"bc-so-retomara-consulta-a-valores-esquecidos-em-14-de-fevereiro","status":"publish","type":"post","link":"https:\/\/diarioregionaldigital.com.br\/?p=194293","title":{"rendered":"BC s\u00f3 retomar\u00e1 consulta a valores esquecidos em 14 de fevereiro"},"content":{"rendered":"<p>Depois de sair do ar por causa do alto volume de acessos, o sistema que permite consultar valores esquecidos em bancos e institui\u00e7\u00f5es financeiras s\u00f3 voltar\u00e1 a funcionar em 14 de fevereiro, informou hoje (26) o Banco Central (BC).<\/p>\n<p>Por tr\u00eas semanas, a funcionalidade dentro do sistema Registrato permitir\u00e1 apenas consultas. Os pedidos de transfer\u00eancia dos valores s\u00f3 poder\u00e3o ser agendados a partir de 7 de mar\u00e7o.<\/p>\n<p>\u201cO BC informa que, a partir de 14\/02\/2022, o cidad\u00e3o poder\u00e1 consultar se t\u00eam algum valor a receber. Em caso positivo, ser\u00e1 imediatamente informado sobre a data em que poder\u00e1 solicitar a transfer\u00eancia dos recursos para sua conta. Essas solicita\u00e7\u00f5es de transfer\u00eancias poder\u00e3o ser agendadas a partir de 07\/03\/2022, na data informada pelo sistema\u201d, informou o BC em nota.<\/p>\n<p>A ferramenta do sistema Registrato, que fornece um extrato das rela\u00e7\u00f5es de clientes com institui\u00e7\u00f5es financeiras, entrou em funcionamento na \u00faltima segunda-feira (24). Por causa da demanda excessiva, no entanto, apresentou instabilidade na noite de segunda e saiu do ar na ter\u00e7a-feira (25) \u00e0 tarde.<\/p>\n<p>O B diz que est\u00e1 investindo fortemente na amplia\u00e7\u00e3o da capacidade de atendimento do Registrato. Nas primeiras horas de funcionamento do sistema, cerca de 79 mil pessoas e empresas conseguiram fazer a consulta e concluir 8,5 mil pedidos de resgate de recurso, que somam R$ 900 mil, informou a autoridade monet\u00e1ria.<\/p>\n<p>De acordo com o BC, a devolu\u00e7\u00e3o dos R$ 900 mil ocorrer\u00e1 em at\u00e9 12 dias \u00fateis, por meio de Pix, para a conta indicada pelo usu\u00e1rio.<\/p>\n<p>Atualmente, existem R$ 8 bilh\u00f5es esquecidos em institui\u00e7\u00f5es financeiras no Brasil, diz o BC. Desse total, at\u00e9 R$ 3,9 bilh\u00f5es podem ser resgatados por 28 milh\u00f5es de pessoas e de empresas na fase inicial da ferramenta. Nos pr\u00f3ximos meses, o servi\u00e7o ser\u00e1 ampliado para outras modalidades de saque.<\/p>\n<p>Nesta etapa, podem ser devolvidos recursos de contas-correntes ou poupan\u00e7as encerradas e n\u00e3o sacadas, cobran\u00e7as indevidas de tarifas ou de obriga\u00e7\u00f5es de cr\u00e9dito com termo de compromisso assinado com o BC e cotas de capital e rateio de sobras l\u00edquidas de associados de cooperativas de cr\u00e9dito e grupos de cons\u00f3rcio extintos.<\/p>\n<p>Fonte: Ag\u00eancia Brasil<\/p>\n","protected":false},"excerpt":{"rendered":"<p>Depois de sair do ar por causa do alto volume de acessos, o sistema que permite consultar valores esquecidos em bancos e institui\u00e7\u00f5es financeiras s\u00f3 voltar\u00e1 a funcionar em 14 de fevereiro, informou hoje (26) o Banco Central (BC). Por tr\u00eas semanas, a funcionalidade dentro do sistema Registrato permitir\u00e1 apenas consultas. Os pedidos de transfer\u00eancia [&hellip;]<\/p>\n","protected":false},"author":246,"featured_media":194294,"comment_status":"closed","ping_status":"closed","sticky":false,"template":"","format":"standard","meta":{"footnotes":""},"categories":[436,261,439],"tags":[],"class_list":["post-194293","post","type-post","status-publish","format-standard","has-post-thumbnail","hentry","category-destaque-da-semana","category-economia","category-ultima-hora"],"_links":{"self":[{"href":"https:\/\/diarioregionaldigital.com.br\/index.php?rest_route=\/wp\/v2\/posts\/194293","targetHints":{"allow":["GET"]}}],"collection":[{"href":"https:\/\/diarioregionaldigital.com.br\/index.php?rest_route=\/wp\/v2\/posts"}],"about":[{"href":"https:\/\/diarioregionaldigital.com.br\/index.php?rest_route=\/wp\/v2\/types\/post"}],"author":[{"embeddable":true,"href":"https:\/\/diarioregionaldigital.com.br\/index.php?rest_route=\/wp\/v2\/users\/246"}],"replies":[{"embeddable":true,"href":"https:\/\/diarioregionaldigital.com.br\/index.php?rest_route=%2Fwp%2Fv2%2Fcomments&post=194293"}],"version-history":[{"count":1,"href":"https:\/\/diarioregionaldigital.com.br\/index.php?rest_route=\/wp\/v2\/posts\/194293\/revisions"}],"predecessor-version":[{"id":194295,"href":"https:\/\/diarioregionaldigital.com.br\/index.php?rest_route=\/wp\/v2\/posts\/194293\/revisions\/194295"}],"wp:featuredmedia":[{"embeddable":true,"href":"https:\/\/diarioregionaldigital.com.br\/index.php?rest_route=\/wp\/v2\/media\/194294"}],"wp:attachment":[{"href":"https:\/\/diarioregionaldigital.com.br\/index.php?rest_route=%2Fwp%2Fv2%2Fmedia&parent=194293"}],"wp:term":[{"taxonomy":"category","embeddable":true,"href":"https:\/\/diarioregionaldigital.com.br\/index.php?rest_route=%2Fwp%2Fv2%2Fcategories&post=194293"},{"taxonomy":"post_tag","embeddable":true,"href":"https:\/\/diarioregionaldigital.com.br\/index.php?rest_route=%2Fwp%2Fv2%2Ftags&post=194293"}],"curies":[{"name":"wp","href":"https:\/\/api.w.org\/{rel}","templated":true}]}}