{"id":194286,"date":"2022-01-28T09:24:09","date_gmt":"2022-01-28T12:24:09","guid":{"rendered":"https:\/\/diarioregionaldigital.com.br\/?p=194286"},"modified":"2022-01-28T09:24:09","modified_gmt":"2022-01-28T12:24:09","slug":"bolsa-sobe-pelo-terceiro-dia-e-atinge-maior-nivel-desde-outubro","status":"publish","type":"post","link":"https:\/\/diarioregionaldigital.com.br\/?p=194286","title":{"rendered":"Bolsa sobe pelo terceiro dia e atinge maior n\u00edvel desde outubro"},"content":{"rendered":"<p>Beneficiada pelo fluxo estrangeiro, a bolsa de valores subiu pelo terceiro dia seguido e atingiu o maior n\u00edvel desde outubro. O d\u00f3lar iniciou a quinta-feira em forte baixa, mas fechou com pequena queda, perto da estabilidade, com a piora do mercado de c\u00e2mbio durante a tarde.<\/p>\n<p>O \u00edndice Ibovespa, da B3, fechou hoje (27) aos 112.612 pontos, com alta de 1,19%. Os investidores estrangeiros entraram hoje no mercado comprando a\u00e7\u00f5es de empresas brasileiras, fazendo o indicador caminhar na contram\u00e3o das bolsas norte-americanas, que fecharam em queda.<\/p>\n<p>O Ibovespa acumula alta de 7,43% em janeiro. No \u00faltimo dia 5, o indicador chegou a acumular queda de 3,64%, iniciando uma trajet\u00f3ria de recupera\u00e7\u00e3o desde ent\u00e3o.<\/p>\n<p>Ap\u00f3s subir ontem (26), o d\u00f3lar comercial encerrou o dia vendido a R$ 5,424, com leve recuo de 0,32%. Na m\u00ednima do dia, por volta das 11h15, a moeda norte-americana chegou a cair para R$ 5,35, \u00e0 medida que investidores aproveitavam a cota\u00e7\u00e3o abaixo de R$ 5,40 para vender d\u00f3lares. No entanto, as press\u00f5es externas durante a tarde fizeram a divisa aproximar-se da estabilidade.<\/p>\n<p>Com o desempenho de hoje, o d\u00f3lar comercial acumula queda de 2,73% em 2022. Em 5 de janeiro, a divisa fechou em R$ 5,71, no maior n\u00edvel do ano.<\/p>\n<p>Ontem, o Federal Reserve (Fed, Banco Central norte-americano) confirmou que aumentar\u00e1 os juros b\u00e1sicos nos Estados Unidos em mar\u00e7o e que dever\u00e1 promover reajustes em pelo menos quatro reuni\u00f5es neste ano. O Fed tamb\u00e9m indicou que poder\u00e1 encerrar o programa de compra de d\u00edvidas, em vigor desde o in\u00edcio da pandemia de covid-19, mais cedo que o esperado.<\/p>\n<p>Apesar de juros mais altos em economias avan\u00e7adas estimularem a fuga de recursos de pa\u00edses emergentes, parte dos investidores entende que os efeitos do aperto monet\u00e1rio nos Estados Unidos j\u00e1 est\u00e3o precificados (incorporados ao pre\u00e7o dos ativos). Isso tem aumentado o interesse dos investidores internacionais em pa\u00edses emergentes, atra\u00eddos pelos ativos financeiros baratos.<\/p>\n<p>Fonte: Ag\u00eancia Brasil \/ Reuters<\/p>\n","protected":false},"excerpt":{"rendered":"<p>Beneficiada pelo fluxo estrangeiro, a bolsa de valores subiu pelo terceiro dia seguido e atingiu o maior n\u00edvel desde outubro. O d\u00f3lar iniciou a quinta-feira em forte baixa, mas fechou com pequena queda, perto da estabilidade, com a piora do mercado de c\u00e2mbio durante a tarde. O \u00edndice Ibovespa, da B3, fechou hoje (27) aos [&hellip;]<\/p>\n","protected":false},"author":246,"featured_media":194287,"comment_status":"closed","ping_status":"closed","sticky":false,"template":"","format":"standard","meta":{"footnotes":""},"categories":[436,440,261,439],"tags":[],"class_list":["post-194286","post","type-post","status-publish","format-standard","has-post-thumbnail","hentry","category-destaque-da-semana","category-destaques-do-dia","category-economia","category-ultima-hora"],"_links":{"self":[{"href":"https:\/\/diarioregionaldigital.com.br\/index.php?rest_route=\/wp\/v2\/posts\/194286","targetHints":{"allow":["GET"]}}],"collection":[{"href":"https:\/\/diarioregionaldigital.com.br\/index.php?rest_route=\/wp\/v2\/posts"}],"about":[{"href":"https:\/\/diarioregionaldigital.com.br\/index.php?rest_route=\/wp\/v2\/types\/post"}],"author":[{"embeddable":true,"href":"https:\/\/diarioregionaldigital.com.br\/index.php?rest_route=\/wp\/v2\/users\/246"}],"replies":[{"embeddable":true,"href":"https:\/\/diarioregionaldigital.com.br\/index.php?rest_route=%2Fwp%2Fv2%2Fcomments&post=194286"}],"version-history":[{"count":1,"href":"https:\/\/diarioregionaldigital.com.br\/index.php?rest_route=\/wp\/v2\/posts\/194286\/revisions"}],"predecessor-version":[{"id":194288,"href":"https:\/\/diarioregionaldigital.com.br\/index.php?rest_route=\/wp\/v2\/posts\/194286\/revisions\/194288"}],"wp:featuredmedia":[{"embeddable":true,"href":"https:\/\/diarioregionaldigital.com.br\/index.php?rest_route=\/wp\/v2\/media\/194287"}],"wp:attachment":[{"href":"https:\/\/diarioregionaldigital.com.br\/index.php?rest_route=%2Fwp%2Fv2%2Fmedia&parent=194286"}],"wp:term":[{"taxonomy":"category","embeddable":true,"href":"https:\/\/diarioregionaldigital.com.br\/index.php?rest_route=%2Fwp%2Fv2%2Fcategories&post=194286"},{"taxonomy":"post_tag","embeddable":true,"href":"https:\/\/diarioregionaldigital.com.br\/index.php?rest_route=%2Fwp%2Fv2%2Ftags&post=194286"}],"curies":[{"name":"wp","href":"https:\/\/api.w.org\/{rel}","templated":true}]}}