{"id":194283,"date":"2022-01-28T06:00:54","date_gmt":"2022-01-28T09:00:54","guid":{"rendered":"https:\/\/diarioregionaldigital.com.br\/?p=194283"},"modified":"2022-02-19T17:32:23","modified_gmt":"2022-02-19T20:32:23","slug":"como-deus-se-manifesta-no-cotidiano","status":"publish","type":"post","link":"https:\/\/diarioregionaldigital.com.br\/?p=194283","title":{"rendered":"Como Deus se manifesta no cotidiano"},"content":{"rendered":"<p>\u00c9 habitual nos recordarmos da cena de \u00caxodo quando o Todo Poderoso se revelou ao povo no Monte Sinai entre estrondos, trombetas ensurdecedoras, terremoto, raios e trov\u00f5es:<\/p>\n<p>\u201cMois\u00e9s levou o povo para fora do acampamento, para encontrar-se com Deus, e eles ficaram ao p\u00e9 do monte. O monte Sinai estava coberto de fuma\u00e7a, pois o Senhor tinha descido sobre ele em chamas de fogo. Dele subia fuma\u00e7a como que de uma fornalha; todo o monte tremia violentamente, e o som da trombeta era cada vez mais forte. Ent\u00e3o Mois\u00e9s falou, e a voz de Deus lhe respondeu\u201d (\u00caxodo 19: 17-19).<\/p>\n<p>Aquele, por\u00e9m, foi um epis\u00f3dio espec\u00edfico, tratava-se de uma apresenta\u00e7\u00e3o, uma demonstra\u00e7\u00e3o de poder objetivando convencer e encorajar o povo a seguir firme nos prop\u00f3sitos do Alt\u00edssimo. Sabemos que ainda ouviremos esses sons no momento oportuno:<\/p>\n<p>\u201cE ele enviar\u00e1 os seus anjos com grande som de trombeta, e estes reunir\u00e3o os seus eleitos dos quatro ventos, de uma a outra extremidade dos c\u00e9us\u201d (Mateus 24: 31).<\/p>\n<p>No cotidiano, por\u00e9m, n\u00e3o \u00e9 assim que o Senhor fala conosco. No dia a dia Sua voz \u00e9 mansa e suave que fala pelo Esp\u00edrito Santo diretamente aos nossos cora\u00e7\u00f5es:<\/p>\n<p>\u201cTomem sobre voc\u00eas o meu jugo e aprendam de mim, pois sou manso e humilde de cora\u00e7\u00e3o, e voc\u00eas encontrar\u00e3o descanso para as suas almas\u201d (Mateus 11: 29).<\/p>\n<p>Para ilustrar, lembremos da experi\u00eancia do profeta Elias. Aquele homem p\u00f4de testemunhar os contrastes de sons de uma maneira que merece toda a nossa aten\u00e7\u00e3o.<\/p>\n<p>Ele encontrava-se deprimido e recluso em fun\u00e7\u00e3o dos problemas e amea\u00e7as que o cercavam:<\/p>\n<p>\u201cAli entrou numa caverna e passou a noite. E a palavra do Senhor veio a ele: \u2018O que voc\u00ea est\u00e1 fazendo aqui, Elias?\u2019 Ele respondeu: \u2018Tenho sido muito zeloso pelo Senhor, Deus dos Ex\u00e9rcitos. Os israelitas rejeitaram a tua alian\u00e7a, quebraram os teus altares, e mataram os teus profetas \u00e0 espada. Sou o \u00fanico que sobrou, e agora tamb\u00e9m est\u00e3o procurando matar-me\u2019 \u201c (1 Reis 19: 9,10).<\/p>\n<p>J\u00e1 no auge do des\u00e2nimo, Deus o chamou:<\/p>\n<p>\u201cO Senhor lhe disse: \u2018Saia e fique no monte, na presen\u00e7a do Senhor, pois o Senhor vai passar\u2019. Ent\u00e3o veio um vento fort\u00edssimo que separou os montes e esmigalhou as rochas diante do Senhor, mas o Senhor n\u00e3o estava no vento. Depois do vento houve um terremoto, mas o Senhor n\u00e3o estava no terremoto. Depois do terremoto houve um fogo, mas o Senhor n\u00e3o estava nele. E depois do fogo houve o murm\u00fario de uma brisa suave. Quando Elias ouviu, puxou a capa para cobrir o rosto, saiu e ficou \u00e0 entrada da caverna. E uma voz lhe perguntou: \u2018O que voc\u00ea est\u00e1 fazendo aqui, Elias?\u2019 &#8221; (1 Reis 19: 11-13).<\/p>\n<p>Deus n\u00e3o estava na ventania; Deus n\u00e3o estava no terremoto; Deus n\u00e3o estava no fogo; Deus estava no \u201cmurm\u00fario de uma brisa suave\u201d.<\/p>\n","protected":false},"excerpt":{"rendered":"<p>\u00c9 habitual nos recordarmos da cena de \u00caxodo quando o Todo Poderoso se revelou ao povo no Monte Sinai entre estrondos, trombetas ensurdecedoras, terremoto, raios e trov\u00f5es: \u201cMois\u00e9s levou o povo para fora do acampamento, para encontrar-se com Deus, e eles ficaram ao p\u00e9 do monte. O monte Sinai estava coberto de fuma\u00e7a, pois o [&hellip;]<\/p>\n","protected":false},"author":96,"featured_media":0,"comment_status":"closed","ping_status":"closed","sticky":false,"template":"","format":"standard","meta":{"footnotes":""},"categories":[1244],"tags":[],"class_list":["post-194283","post","type-post","status-publish","format-standard","hentry","category-oleg-abramov"],"_links":{"self":[{"href":"https:\/\/diarioregionaldigital.com.br\/index.php?rest_route=\/wp\/v2\/posts\/194283","targetHints":{"allow":["GET"]}}],"collection":[{"href":"https:\/\/diarioregionaldigital.com.br\/index.php?rest_route=\/wp\/v2\/posts"}],"about":[{"href":"https:\/\/diarioregionaldigital.com.br\/index.php?rest_route=\/wp\/v2\/types\/post"}],"author":[{"embeddable":true,"href":"https:\/\/diarioregionaldigital.com.br\/index.php?rest_route=\/wp\/v2\/users\/96"}],"replies":[{"embeddable":true,"href":"https:\/\/diarioregionaldigital.com.br\/index.php?rest_route=%2Fwp%2Fv2%2Fcomments&post=194283"}],"version-history":[{"count":1,"href":"https:\/\/diarioregionaldigital.com.br\/index.php?rest_route=\/wp\/v2\/posts\/194283\/revisions"}],"predecessor-version":[{"id":194284,"href":"https:\/\/diarioregionaldigital.com.br\/index.php?rest_route=\/wp\/v2\/posts\/194283\/revisions\/194284"}],"wp:attachment":[{"href":"https:\/\/diarioregionaldigital.com.br\/index.php?rest_route=%2Fwp%2Fv2%2Fmedia&parent=194283"}],"wp:term":[{"taxonomy":"category","embeddable":true,"href":"https:\/\/diarioregionaldigital.com.br\/index.php?rest_route=%2Fwp%2Fv2%2Fcategories&post=194283"},{"taxonomy":"post_tag","embeddable":true,"href":"https:\/\/diarioregionaldigital.com.br\/index.php?rest_route=%2Fwp%2Fv2%2Ftags&post=194283"}],"curies":[{"name":"wp","href":"https:\/\/api.w.org\/{rel}","templated":true}]}}