{"id":194272,"date":"2022-01-27T17:10:25","date_gmt":"2022-01-27T20:10:25","guid":{"rendered":"https:\/\/diarioregionaldigital.com.br\/?p=194272"},"modified":"2022-01-27T17:10:25","modified_gmt":"2022-01-27T20:10:25","slug":"empav-realiza-servicos-de-zeladoria-nas-pracas-e-vias-da-cidade","status":"publish","type":"post","link":"https:\/\/diarioregionaldigital.com.br\/?p=194272","title":{"rendered":"Empav realiza servi\u00e7os de zeladoria nas pra\u00e7as e vias da cidade"},"content":{"rendered":"<p>Segundo informa\u00e7\u00f5es do site da Prefeitura de Juiz de Fora, nesta quinta-feira, 27, equipes do Setor de Parques e Jardins da Empresa Municipal de Pavimenta\u00e7\u00e3o e Urbaniza\u00e7\u00e3o (Empav) d\u00e3o seguimento \u00e0s a\u00e7\u00f5es de zeladoria nas pra\u00e7as e vias do munic\u00edpio. Alinhado aos resultados do Programa Boniteza da Prefeitura de Juiz de Fora (PJF), equipes finalizaram ontem os servi\u00e7os de poda de grama e limpeza na Pra\u00e7a Rafael Zacarias, bairro Democrata e seguem atuando em outras vias da cidade.<\/p>\n<p>Os servi\u00e7os de poda de grama e limpeza desta quinta-feira, 27, acontecem no Viaduto Ramirez Gonzalez, bairro Cer\u00e2mica; na Pra\u00e7a da Esta\u00e7\u00e3o e nos canteiros entre as ruas Parque Halfeld e Avenida Brasil, no Centro e na Pra\u00e7a Teot\u00f4nio Vilela, bairro Vitorino Braga. J\u00e1 as demandas de poda de \u00e1rvore s\u00e3o realizadas na Rua Maria Eug\u00eania, bairro Benfica; Rua Padre Ac\u00e1cio Duarte, Jardim Esperan\u00e7a e na Rua Frizeiro, bairro Parque Independ\u00eancia III. Al\u00e9m disso, servidores continuam com o corte de bambuzal na\u00a0 Avenida Orlando Rian, bairro Filgueiras.<\/p>\n<p>Para solicitar estes e outros servi\u00e7os, entre em contato com o Gabinete de A\u00e7\u00e3o e Di\u00e1logo Comunit\u00e1rio, que recebe e organiza pedidos relativos a interven\u00e7\u00f5es e melhorias urbanas. O contato pode ser feito atrav\u00e9s de liga\u00e7\u00e3o telef\u00f4nica pelo n\u00famero (32) 3690-7241 ou via WhatsApp, utilizando o mesmo n\u00famero.<\/p>\n","protected":false},"excerpt":{"rendered":"<p>Segundo informa\u00e7\u00f5es do site da Prefeitura de Juiz de Fora, nesta quinta-feira, 27, equipes do Setor de Parques e Jardins da Empresa Municipal de Pavimenta\u00e7\u00e3o e Urbaniza\u00e7\u00e3o (Empav) d\u00e3o seguimento \u00e0s a\u00e7\u00f5es de zeladoria nas pra\u00e7as e vias do munic\u00edpio. Alinhado aos resultados do Programa Boniteza da Prefeitura de Juiz de Fora (PJF), equipes finalizaram [&hellip;]<\/p>\n","protected":false},"author":246,"featured_media":194273,"comment_status":"closed","ping_status":"closed","sticky":false,"template":"","format":"standard","meta":{"footnotes":""},"categories":[253,436,439],"tags":[],"class_list":["post-194272","post","type-post","status-publish","format-standard","has-post-thumbnail","hentry","category-cidade","category-destaque-da-semana","category-ultima-hora"],"_links":{"self":[{"href":"https:\/\/diarioregionaldigital.com.br\/index.php?rest_route=\/wp\/v2\/posts\/194272","targetHints":{"allow":["GET"]}}],"collection":[{"href":"https:\/\/diarioregionaldigital.com.br\/index.php?rest_route=\/wp\/v2\/posts"}],"about":[{"href":"https:\/\/diarioregionaldigital.com.br\/index.php?rest_route=\/wp\/v2\/types\/post"}],"author":[{"embeddable":true,"href":"https:\/\/diarioregionaldigital.com.br\/index.php?rest_route=\/wp\/v2\/users\/246"}],"replies":[{"embeddable":true,"href":"https:\/\/diarioregionaldigital.com.br\/index.php?rest_route=%2Fwp%2Fv2%2Fcomments&post=194272"}],"version-history":[{"count":1,"href":"https:\/\/diarioregionaldigital.com.br\/index.php?rest_route=\/wp\/v2\/posts\/194272\/revisions"}],"predecessor-version":[{"id":194274,"href":"https:\/\/diarioregionaldigital.com.br\/index.php?rest_route=\/wp\/v2\/posts\/194272\/revisions\/194274"}],"wp:featuredmedia":[{"embeddable":true,"href":"https:\/\/diarioregionaldigital.com.br\/index.php?rest_route=\/wp\/v2\/media\/194273"}],"wp:attachment":[{"href":"https:\/\/diarioregionaldigital.com.br\/index.php?rest_route=%2Fwp%2Fv2%2Fmedia&parent=194272"}],"wp:term":[{"taxonomy":"category","embeddable":true,"href":"https:\/\/diarioregionaldigital.com.br\/index.php?rest_route=%2Fwp%2Fv2%2Fcategories&post=194272"},{"taxonomy":"post_tag","embeddable":true,"href":"https:\/\/diarioregionaldigital.com.br\/index.php?rest_route=%2Fwp%2Fv2%2Ftags&post=194272"}],"curies":[{"name":"wp","href":"https:\/\/api.w.org\/{rel}","templated":true}]}}