{"id":194269,"date":"2022-01-27T17:07:50","date_gmt":"2022-01-27T20:07:50","guid":{"rendered":"https:\/\/diarioregionaldigital.com.br\/?p=194269"},"modified":"2022-01-27T17:07:50","modified_gmt":"2022-01-27T20:07:50","slug":"mudancas-climaticas-sera-tema-de-palestra-ministrada-por-servidor-da-defesa-civil","status":"publish","type":"post","link":"https:\/\/diarioregionaldigital.com.br\/?p=194269","title":{"rendered":"Mudan\u00e7as clim\u00e1ticas ser\u00e1 tema de palestra ministrada por servidor da Defesa Civil"},"content":{"rendered":"<p>Segundo informa\u00e7\u00f5es do site da Prefeitura de Juiz de Fora, a Defesa Civil de Juiz de Fora vai participar de uma palestra na pr\u00f3xima segunda-feira, 31, \u00e0s 20h, organizada pelo Grupo de Pesquisa em Gerenciamento do de Riscos e Desastres Naturais (Genat) da Universidade Federal da Para\u00edba (UFPB). O tema ser\u00e1 \u201cExtremos clim\u00e1ticos e desastres recentes no Brasil\u201d e o intuito \u00e9 debater os cen\u00e1rios de longos per\u00edodos chuvosos seguidos de secas prolongadas. A ideia surgiu ap\u00f3s as trag\u00e9dias em Minas Gerais e na Bahia, causadas pelas fortes chuvas dos \u00faltimos meses.<\/p>\n<p>&nbsp;<\/p>\n<p>A palestra ser\u00e1 transmitida no canal do Youtube do\u00a0<a href=\"https:\/\/www.youtube.com\/channel\/UCnbmpv-AUgV6NEb6StD_n2A\" target=\"_blank\" rel=\"noopener\"><strong>Genat<\/strong>.<\/a>\u00a0O evento ter\u00e1 participa\u00e7\u00e3o de pesquisadores de diferentes universidades do pa\u00eds e de representantes de defesas civis. O engenheiro Joviano Assis\u00a0representar\u00e1 a Defesa Civil de Juiz de Fora na palestra. \u201cA participa\u00e7\u00e3o nesses eventos \u00e9 um reconhecimento de que nosso trabalho est\u00e1 sendo efetivo e servindo como um modelo para muitas cidades do Brasil\u201d, afirma.<\/p>\n","protected":false},"excerpt":{"rendered":"<p>Segundo informa\u00e7\u00f5es do site da Prefeitura de Juiz de Fora, a Defesa Civil de Juiz de Fora vai participar de uma palestra na pr\u00f3xima segunda-feira, 31, \u00e0s 20h, organizada pelo Grupo de Pesquisa em Gerenciamento do de Riscos e Desastres Naturais (Genat) da Universidade Federal da Para\u00edba (UFPB). O tema ser\u00e1 \u201cExtremos clim\u00e1ticos e desastres [&hellip;]<\/p>\n","protected":false},"author":246,"featured_media":194270,"comment_status":"closed","ping_status":"closed","sticky":false,"template":"","format":"standard","meta":{"footnotes":""},"categories":[253,436,439],"tags":[],"class_list":["post-194269","post","type-post","status-publish","format-standard","has-post-thumbnail","hentry","category-cidade","category-destaque-da-semana","category-ultima-hora"],"_links":{"self":[{"href":"https:\/\/diarioregionaldigital.com.br\/index.php?rest_route=\/wp\/v2\/posts\/194269","targetHints":{"allow":["GET"]}}],"collection":[{"href":"https:\/\/diarioregionaldigital.com.br\/index.php?rest_route=\/wp\/v2\/posts"}],"about":[{"href":"https:\/\/diarioregionaldigital.com.br\/index.php?rest_route=\/wp\/v2\/types\/post"}],"author":[{"embeddable":true,"href":"https:\/\/diarioregionaldigital.com.br\/index.php?rest_route=\/wp\/v2\/users\/246"}],"replies":[{"embeddable":true,"href":"https:\/\/diarioregionaldigital.com.br\/index.php?rest_route=%2Fwp%2Fv2%2Fcomments&post=194269"}],"version-history":[{"count":1,"href":"https:\/\/diarioregionaldigital.com.br\/index.php?rest_route=\/wp\/v2\/posts\/194269\/revisions"}],"predecessor-version":[{"id":194271,"href":"https:\/\/diarioregionaldigital.com.br\/index.php?rest_route=\/wp\/v2\/posts\/194269\/revisions\/194271"}],"wp:featuredmedia":[{"embeddable":true,"href":"https:\/\/diarioregionaldigital.com.br\/index.php?rest_route=\/wp\/v2\/media\/194270"}],"wp:attachment":[{"href":"https:\/\/diarioregionaldigital.com.br\/index.php?rest_route=%2Fwp%2Fv2%2Fmedia&parent=194269"}],"wp:term":[{"taxonomy":"category","embeddable":true,"href":"https:\/\/diarioregionaldigital.com.br\/index.php?rest_route=%2Fwp%2Fv2%2Fcategories&post=194269"},{"taxonomy":"post_tag","embeddable":true,"href":"https:\/\/diarioregionaldigital.com.br\/index.php?rest_route=%2Fwp%2Fv2%2Ftags&post=194269"}],"curies":[{"name":"wp","href":"https:\/\/api.w.org\/{rel}","templated":true}]}}