{"id":194266,"date":"2022-01-27T17:04:45","date_gmt":"2022-01-27T20:04:45","guid":{"rendered":"https:\/\/diarioregionaldigital.com.br\/?p=194266"},"modified":"2022-01-27T17:04:45","modified_gmt":"2022-01-27T20:04:45","slug":"inscricoes-para-uso-de-barracas-de-feiras-terminam-nesta-segunda-dia-31","status":"publish","type":"post","link":"https:\/\/diarioregionaldigital.com.br\/?p=194266","title":{"rendered":"Inscri\u00e7\u00f5es para uso de barracas de feiras terminam nesta segunda, dia 31"},"content":{"rendered":"<div id=\"box_texto_noticia\">\n<p>Segundo informa\u00e7\u00f5es do site da Prefeitura de Juiz de Fora, associa\u00e7\u00f5es e coletivos de agricultores de Juiz de Fora interessados na utiliza\u00e7\u00e3o dos Kits Feira, podem se inscrever at\u00e9 a pr\u00f3xima segunda-feira, 31, <a href=\"https:\/\/docs.google.com\/forms\/d\/e\/1FAIpQLSeRvt2MTxHgVANLvl01uT4XnKBhbcfPBugroK_ZPHOkWk7aFg\/viewform?usp=sf_link\"><strong>pelo formul\u00e1rio on-line<\/strong><strong>.<\/strong><\/a><\/p>\n<p>Est\u00e3o dispon\u00edveis sete kits feira, sendo cada kit composto por dez barracas, com coberturas e saias padronizadas, al\u00e9m de dez jalecos. O grupo poder\u00e1 se inscrever para utilizar, no m\u00ednimo, uma barraca do Kit.<\/p>\n<p>De acordo com o\u00a0<a href=\"https:\/\/www.pjf.mg.gov.br\/noticias\/anexo\/autorizacao_de_uso_barracas.pdf\"><strong>documento do processo de inscri\u00e7\u00e3o<\/strong><\/a>, n\u00e3o ser\u00e1 cobrado qualquer valor por parte da Prefeitura Juiz de Fora (PJF) \u00e0 organiza\u00e7\u00e3o selecionada, e \u00e9 vetada a transfer\u00eancia e\/ou venda dos kits autorizados para o uso por terceiros.<\/p>\n<p>Outros detalhes sobre os crit\u00e9rios, sele\u00e7\u00e3o, e autoriza\u00e7\u00e3o de uso dos kits est\u00e3o dispon\u00edveis abaixo.<\/p>\n<p><strong>Outras informa\u00e7\u00f5es:<\/strong><br \/>\nWhatsApp: (32) 2104-8619<br \/>\nE-mail: comunicacaoseapa@pjf.mg.gov.br<\/div>\n<p>&nbsp;<\/p>\n<div class=\"texto_anexo\"><img loading=\"lazy\" decoding=\"async\" src=\"https:\/\/www.pjf.mg.gov.br\/imagens\/clips.jpg\" width=\"22\" height=\"20\" \/>\u00a0<a href=\"https:\/\/www.pjf.mg.gov.br\/noticias\/anexo\/autorizacao_de_uso_barracas.pdf\" target=\"_blank\" rel=\"noopener\">Veja o anexo<\/a><\/div>\n","protected":false},"excerpt":{"rendered":"<p>Segundo informa\u00e7\u00f5es do site da Prefeitura de Juiz de Fora, associa\u00e7\u00f5es e coletivos de agricultores de Juiz de Fora interessados na utiliza\u00e7\u00e3o dos Kits Feira, podem se inscrever at\u00e9 a pr\u00f3xima segunda-feira, 31, pelo formul\u00e1rio on-line. Est\u00e3o dispon\u00edveis sete kits feira, sendo cada kit composto por dez barracas, com coberturas e saias padronizadas, al\u00e9m de [&hellip;]<\/p>\n","protected":false},"author":246,"featured_media":194267,"comment_status":"closed","ping_status":"closed","sticky":false,"template":"","format":"standard","meta":{"footnotes":""},"categories":[253,436,439],"tags":[],"class_list":["post-194266","post","type-post","status-publish","format-standard","has-post-thumbnail","hentry","category-cidade","category-destaque-da-semana","category-ultima-hora"],"_links":{"self":[{"href":"https:\/\/diarioregionaldigital.com.br\/index.php?rest_route=\/wp\/v2\/posts\/194266","targetHints":{"allow":["GET"]}}],"collection":[{"href":"https:\/\/diarioregionaldigital.com.br\/index.php?rest_route=\/wp\/v2\/posts"}],"about":[{"href":"https:\/\/diarioregionaldigital.com.br\/index.php?rest_route=\/wp\/v2\/types\/post"}],"author":[{"embeddable":true,"href":"https:\/\/diarioregionaldigital.com.br\/index.php?rest_route=\/wp\/v2\/users\/246"}],"replies":[{"embeddable":true,"href":"https:\/\/diarioregionaldigital.com.br\/index.php?rest_route=%2Fwp%2Fv2%2Fcomments&post=194266"}],"version-history":[{"count":1,"href":"https:\/\/diarioregionaldigital.com.br\/index.php?rest_route=\/wp\/v2\/posts\/194266\/revisions"}],"predecessor-version":[{"id":194268,"href":"https:\/\/diarioregionaldigital.com.br\/index.php?rest_route=\/wp\/v2\/posts\/194266\/revisions\/194268"}],"wp:featuredmedia":[{"embeddable":true,"href":"https:\/\/diarioregionaldigital.com.br\/index.php?rest_route=\/wp\/v2\/media\/194267"}],"wp:attachment":[{"href":"https:\/\/diarioregionaldigital.com.br\/index.php?rest_route=%2Fwp%2Fv2%2Fmedia&parent=194266"}],"wp:term":[{"taxonomy":"category","embeddable":true,"href":"https:\/\/diarioregionaldigital.com.br\/index.php?rest_route=%2Fwp%2Fv2%2Fcategories&post=194266"},{"taxonomy":"post_tag","embeddable":true,"href":"https:\/\/diarioregionaldigital.com.br\/index.php?rest_route=%2Fwp%2Fv2%2Ftags&post=194266"}],"curies":[{"name":"wp","href":"https:\/\/api.w.org\/{rel}","templated":true}]}}