{"id":194263,"date":"2022-01-27T17:02:17","date_gmt":"2022-01-27T20:02:17","guid":{"rendered":"https:\/\/diarioregionaldigital.com.br\/?p=194263"},"modified":"2022-01-27T17:02:17","modified_gmt":"2022-01-27T20:02:17","slug":"vacinacao-para-criancas-de-8-anos-comeca-nesta-sexta-feira-28","status":"publish","type":"post","link":"https:\/\/diarioregionaldigital.com.br\/?p=194263","title":{"rendered":"Vacina\u00e7\u00e3o para crian\u00e7as de 8 anos come\u00e7a nesta sexta-feira, 28"},"content":{"rendered":"<p>Segundo informa\u00e7\u00f5es do site da Prefeitura de Juiz de Fora, a campanha de vacina\u00e7\u00e3o pedi\u00e1trica contra a Covid-19 continua em Juiz de Fora nesta sexta-feira, 28. Seguindo o calend\u00e1rio de imuniza\u00e7\u00e3o da Secretaria de Sa\u00fade (SS) da Prefeitura de Juiz de Fora (PJF), as crian\u00e7as com 8 anos ou mais, ou as que possuem entre 5 e 11 anos com comorbidades, podem procurar um dos postos de vacina\u00e7\u00e3o. Podem procurar pela aplica\u00e7\u00e3o em uma das 7 Unidades B\u00e1sicas de Sa\u00fade (UBSs) espalhadas pelo munic\u00edpio, sempre das 8h \u00e0s 11h, al\u00e9m do Col\u00e9gio dos Jesu\u00edtas, da Pra\u00e7a CEU e do Espa\u00e7o Cidade, tamb\u00e9m das 8h \u00e0s 11h.<\/p>\n<p>A SS pede para que, para o ato de vacina\u00e7\u00e3o, seja levado uma c\u00f3pia do comprovante de resid\u00eancia no nome dos pais ou respons\u00e1vel com endere\u00e7o em Juiz de Fora, c\u00f3pia do CPF ou o Cart\u00e3o SUS (caso a crian\u00e7a n\u00e3o tenha, pode utilizar a certid\u00e3o de nascimento). Para as crian\u00e7as com comorbidades, \u00e9 exigido\u00a0 um atestado ou laudo m\u00e9dico, original e c\u00f3pia, que dever\u00e1 ser apresentado no momento da vacina\u00e7\u00e3o.<br \/>\n<strong>Fique atento\u00a0<\/strong><\/p>\n<p>A manuten\u00e7\u00e3o das datas deste calend\u00e1rio dependem da disponibiliza\u00e7\u00e3o das doses do imunizante por parte do Minist\u00e9rio da Sa\u00fade (MS). O intervalo entre a primeira e segunda aplica\u00e7\u00e3o, inicialmente, ser\u00e1 de oito semanas, com a Pfizer e de 28 dias com a Coronovac.<a href=\"https:\/\/covid19.pjf.mg.gov.br\/vacinacao_criancas.php\"><strong>\u00a0O pr\u00e9-cadastro est\u00e1 dispon\u00edvel no site da PJF<\/strong><\/a><strong>, assim como a ficha para a vacina\u00e7\u00e3o das crian\u00e7as.<\/strong><\/p>\n<p>Seguindo recomenda\u00e7\u00f5es dos \u00f3rg\u00e3os competentes, as crian\u00e7as que forem se vacinar contra a Covid-19 n\u00e3o podem ter recebido outra vacina nos \u00faltimos 15 dias e n\u00e3o dever\u00e3o receber outro imunizante nos 15 dias posteriores ao recebimento da primeira dose da vacina Pfizer infantil contra o coronav\u00edrus.\u00a0\u00a0Al\u00e9m disso, \u00e9 necess\u00e1rio que a crian\u00e7a fique de 5 a 20 minutos no local ap\u00f3s a vacina\u00e7\u00e3o, para ser observado casos de poss\u00edveis rea\u00e7\u00f5es.<br \/>\n<strong>Confira o calend\u00e1rio e os locais de vacina\u00e7\u00e3o das crian\u00e7as\u00a0<\/strong><\/p>\n<p>28 e 31 de janeiro: 8 anos ou mais e crian\u00e7as de 5 a 11 anos com comorbidades<\/p>\n<p>1\u00ba e 2 de fevereiro: 7 anos ou mais e crian\u00e7as de 5 a 11 anos com comorbidades<\/p>\n<p>3 e 4 de fevereiro: 6 anos ou mais e crian\u00e7as\u00a0 de 5 a 11 anos com comorbidades<\/p>\n<p>7 e 8 de fevereiro: 5 anos ou mais e crian\u00e7as de 5 a 11 anos com comorbidades<br \/>\n<strong>Locais de Vacina\u00e7\u00e3o Infantil:<\/strong><\/p>\n<p><strong>Pra\u00e7a CEU &#8211; 8h \u00e0s 11h<\/strong><\/p>\n<p><strong>Espa\u00e7o Cidade &#8211; das 8h \u00e0s 11h<\/strong><\/p>\n<p><strong>Col\u00e9gio dos Jesu\u00edtas &#8211; das 8h \u00e0s 11h<\/strong><br \/>\n<strong>7 UBSs que vacinam crian\u00e7as da 8h \u00e0s 11h:\u00a0<\/strong><\/p>\n<p>UBS Nossa Senhora de Lourdes<\/p>\n<p>UBS Nossa Senhora Aparecida<\/p>\n<p>UBS Milho Branco<\/p>\n<p>UBS Nossa Senhora das Gra\u00e7as<\/p>\n<p>UBS Teixeiras<\/p>\n<p>UBS Nova Era<\/p>\n<p>UBS Santos Dumont<\/p>\n","protected":false},"excerpt":{"rendered":"<p>Segundo informa\u00e7\u00f5es do site da Prefeitura de Juiz de Fora, a campanha de vacina\u00e7\u00e3o pedi\u00e1trica contra a Covid-19 continua em Juiz de Fora nesta sexta-feira, 28. Seguindo o calend\u00e1rio de imuniza\u00e7\u00e3o da Secretaria de Sa\u00fade (SS) da Prefeitura de Juiz de Fora (PJF), as crian\u00e7as com 8 anos ou mais, ou as que possuem entre [&hellip;]<\/p>\n","protected":false},"author":246,"featured_media":194264,"comment_status":"closed","ping_status":"closed","sticky":false,"template":"","format":"standard","meta":{"footnotes":""},"categories":[253,436,440,439],"tags":[],"class_list":["post-194263","post","type-post","status-publish","format-standard","has-post-thumbnail","hentry","category-cidade","category-destaque-da-semana","category-destaques-do-dia","category-ultima-hora"],"_links":{"self":[{"href":"https:\/\/diarioregionaldigital.com.br\/index.php?rest_route=\/wp\/v2\/posts\/194263","targetHints":{"allow":["GET"]}}],"collection":[{"href":"https:\/\/diarioregionaldigital.com.br\/index.php?rest_route=\/wp\/v2\/posts"}],"about":[{"href":"https:\/\/diarioregionaldigital.com.br\/index.php?rest_route=\/wp\/v2\/types\/post"}],"author":[{"embeddable":true,"href":"https:\/\/diarioregionaldigital.com.br\/index.php?rest_route=\/wp\/v2\/users\/246"}],"replies":[{"embeddable":true,"href":"https:\/\/diarioregionaldigital.com.br\/index.php?rest_route=%2Fwp%2Fv2%2Fcomments&post=194263"}],"version-history":[{"count":1,"href":"https:\/\/diarioregionaldigital.com.br\/index.php?rest_route=\/wp\/v2\/posts\/194263\/revisions"}],"predecessor-version":[{"id":194265,"href":"https:\/\/diarioregionaldigital.com.br\/index.php?rest_route=\/wp\/v2\/posts\/194263\/revisions\/194265"}],"wp:featuredmedia":[{"embeddable":true,"href":"https:\/\/diarioregionaldigital.com.br\/index.php?rest_route=\/wp\/v2\/media\/194264"}],"wp:attachment":[{"href":"https:\/\/diarioregionaldigital.com.br\/index.php?rest_route=%2Fwp%2Fv2%2Fmedia&parent=194263"}],"wp:term":[{"taxonomy":"category","embeddable":true,"href":"https:\/\/diarioregionaldigital.com.br\/index.php?rest_route=%2Fwp%2Fv2%2Fcategories&post=194263"},{"taxonomy":"post_tag","embeddable":true,"href":"https:\/\/diarioregionaldigital.com.br\/index.php?rest_route=%2Fwp%2Fv2%2Ftags&post=194263"}],"curies":[{"name":"wp","href":"https:\/\/api.w.org\/{rel}","templated":true}]}}