{"id":194260,"date":"2022-01-27T16:53:45","date_gmt":"2022-01-27T19:53:45","guid":{"rendered":"https:\/\/diarioregionaldigital.com.br\/?p=194260"},"modified":"2022-01-27T16:53:45","modified_gmt":"2022-01-27T19:53:45","slug":"santos-segura-empate-com-a-inter-de-limeira-na-estreia-pelo-paulistao","status":"publish","type":"post","link":"https:\/\/diarioregionaldigital.com.br\/?p=194260","title":{"rendered":"Santos segura empate com a Inter de Limeira na estreia pelo Paulist\u00e3o"},"content":{"rendered":"<p>O Santos n\u00e3o saiu do zero com a Inter de Limeira nesta\u00a0quarta-feira (26), na estreia das equipes no Campeonato Paulista. O Peixe atuou durante toda a\u00a0segunda\u00a0etapa com um jogador a menos, ap\u00f3s a expuls\u00e3o do meia Gabriel Pirani pouco antes do intervalo. A partida foi realizada no est\u00e1dio Major Levy Sobrinho, em Limeira (SP).<img decoding=\"async\" src=\"https:\/\/agenciabrasil.ebc.com.br\/ebc.png?id=1438905&amp;o=node\" \/><img decoding=\"async\" src=\"https:\/\/agenciabrasil.ebc.com.br\/ebc.gif?id=1438905&amp;o=node\" \/><\/p>\n<p>Sem o t\u00e9cnico F\u00e1bio Carille, que testou positivo para o novo coronav\u00edrus (covid-19), o Alvinegro Praiano foi comandado pelo auxiliar Leandro Silva.\u00a0Ap\u00f3s um primeiro tempo de pouca inspira\u00e7\u00e3o, os santistas\u00a0tentaram surpreender os anfitri\u00f5es na etapa final, mas\u00a0sentiram a falta de ritmo. Com um a mais, a Inter pressionou em busca da vit\u00f3ria, sem \u00eaxito.<\/p>\n<p>No\u00a0s\u00e1bado\u00a0(29), o Santos recebe o Botafogo-SP na Vila Belmiro, em Santos (SP), \u00e0s 11h (hor\u00e1rio de Bras\u00edlia). No mesmo dia, \u00e0s 18h30, a Inter visita a Ponte Preta no Mois\u00e9s Lucarelli, em Campinas (SP).<\/p>\n<p>Em duelo simult\u00e2neo ao de Limeira, o Ituano superou o Novorizontino por 2 a 0 no est\u00e1dio Novelli J\u00fanior, em Itu (SP). Os atacantes Aylon e Rafael Elias fizeram os gols do time da casa, que fez a estreia no Paulist\u00e3o deste ano. Os visitantes, que j\u00e1 haviam perdido do Palmeiras por 2 a 0 no \u00faltimo\u00a0domingo\u00a0(23), acumularam a\u00a0segunda\u00a0derrota pela competi\u00e7\u00e3o.<\/p>\n<p>As duas equipes voltam a jogar no\u00a0domingo\u00a0(30). \u00c0s 16h, o Galo de Itu enfrenta o S\u00e3o Paulo no Morumbi, na capital paulista. O Tigre mede for\u00e7as contra o Mirassol \u00e0s 20h30, no est\u00e1dio Jorge Ismael de Biasi, em Novo Horizonte (SP).<\/p>\n<p>Mais cedo nesta quarta, o S\u00e3o Bernardo derrotou o \u00c1gua Santa por 1 a 0 no Distrital do Inamar, em Diadema (SP). O meia Paulinho Moccelin fez o gol do Bern\u00f4, que encara o Palmeiras no s\u00e1bado, \u00e0s 16h, no Primeiro\u00a0de Maio, em S\u00e3o Bernardo do Campo (SP). Na sequ\u00eancia, \u00e0s 18h30, o Netuno busca a reabilita\u00e7\u00e3o diante da Ferrovi\u00e1ria na Arena da Fonte Luminosa, em Araraquara (SP).<\/p>\n<p>Fonte: Ag\u00eancia Brasil<\/p>\n","protected":false},"excerpt":{"rendered":"<p>O Santos n\u00e3o saiu do zero com a Inter de Limeira nesta\u00a0quarta-feira (26), na estreia das equipes no Campeonato Paulista. O Peixe atuou durante toda a\u00a0segunda\u00a0etapa com um jogador a menos, ap\u00f3s a expuls\u00e3o do meia Gabriel Pirani pouco antes do intervalo. A partida foi realizada no est\u00e1dio Major Levy Sobrinho, em Limeira (SP). Sem [&hellip;]<\/p>\n","protected":false},"author":246,"featured_media":194261,"comment_status":"closed","ping_status":"closed","sticky":false,"template":"","format":"standard","meta":{"footnotes":""},"categories":[436,257,439],"tags":[],"class_list":["post-194260","post","type-post","status-publish","format-standard","has-post-thumbnail","hentry","category-destaque-da-semana","category-esporte","category-ultima-hora"],"_links":{"self":[{"href":"https:\/\/diarioregionaldigital.com.br\/index.php?rest_route=\/wp\/v2\/posts\/194260","targetHints":{"allow":["GET"]}}],"collection":[{"href":"https:\/\/diarioregionaldigital.com.br\/index.php?rest_route=\/wp\/v2\/posts"}],"about":[{"href":"https:\/\/diarioregionaldigital.com.br\/index.php?rest_route=\/wp\/v2\/types\/post"}],"author":[{"embeddable":true,"href":"https:\/\/diarioregionaldigital.com.br\/index.php?rest_route=\/wp\/v2\/users\/246"}],"replies":[{"embeddable":true,"href":"https:\/\/diarioregionaldigital.com.br\/index.php?rest_route=%2Fwp%2Fv2%2Fcomments&post=194260"}],"version-history":[{"count":1,"href":"https:\/\/diarioregionaldigital.com.br\/index.php?rest_route=\/wp\/v2\/posts\/194260\/revisions"}],"predecessor-version":[{"id":194262,"href":"https:\/\/diarioregionaldigital.com.br\/index.php?rest_route=\/wp\/v2\/posts\/194260\/revisions\/194262"}],"wp:featuredmedia":[{"embeddable":true,"href":"https:\/\/diarioregionaldigital.com.br\/index.php?rest_route=\/wp\/v2\/media\/194261"}],"wp:attachment":[{"href":"https:\/\/diarioregionaldigital.com.br\/index.php?rest_route=%2Fwp%2Fv2%2Fmedia&parent=194260"}],"wp:term":[{"taxonomy":"category","embeddable":true,"href":"https:\/\/diarioregionaldigital.com.br\/index.php?rest_route=%2Fwp%2Fv2%2Fcategories&post=194260"},{"taxonomy":"post_tag","embeddable":true,"href":"https:\/\/diarioregionaldigital.com.br\/index.php?rest_route=%2Fwp%2Fv2%2Ftags&post=194260"}],"curies":[{"name":"wp","href":"https:\/\/api.w.org\/{rel}","templated":true}]}}