{"id":194257,"date":"2022-01-27T16:51:20","date_gmt":"2022-01-27T19:51:20","guid":{"rendered":"https:\/\/diarioregionaldigital.com.br\/?p=194257"},"modified":"2022-01-27T16:51:20","modified_gmt":"2022-01-27T19:51:20","slug":"vasco-estreia-no-campeonato-carioca-com-goleada-sobre-volta-redonda","status":"publish","type":"post","link":"https:\/\/diarioregionaldigital.com.br\/?p=194257","title":{"rendered":"Vasco estreia no Campeonato Carioca com goleada sobre Volta Redonda"},"content":{"rendered":"<p>O Vasco goleou na\u00a0estreia pelo Campeonato Carioca. Nesta\u00a0quarta-feira (26), o Cruzmaltino\u00a0fez 4 a 2 no Volta Redonda no est\u00e1dio Raulino de Oliveira, em Volta Redonda (RJ). A partida foi marcada pela reestreia do t\u00e9cnico Z\u00e9 Ricardo no Gigante da Colina. Ele havia dirigido a equipe anteriormente entre agosto de 2017 e junho de 2018.<img decoding=\"async\" src=\"https:\/\/agenciabrasil.ebc.com.br\/ebc.png?id=1438902&amp;o=node\" \/><img decoding=\"async\" src=\"https:\/\/agenciabrasil.ebc.com.br\/ebc.gif?id=1438902&amp;o=node\" \/><\/p>\n<p>O meia Gabriel Pec abriu o placar aos nove minutos do primeiro tempo, completando de primeira a jogada do lateral Weverton pela direita. Aos 31, o meia Bruno Naz\u00e1rio cruzou pela direita e o atacante Raniel, de cabe\u00e7a, aumentou a vantagem. Aos 41 minutos, o meia Nen\u00ea recebeu de Gabriel Pec e marcou o terceiro.<\/p>\n<p>O atacante Pedrinho descontou para o Volta\u00e7o aos 46, mas o volante Juninho, pouco depois da volta do intervalo, tabelou com Nen\u00ea e fez o quarto do Vasco. Aos 17, o zagueiro Dilsinho aproveitou o rebote de um chute de Pedrinho e anotou o segundo dos anfitri\u00f5es, mas a rea\u00e7\u00e3o terminou a\u00ed. O Cruzmaltino n\u00e3o sabia o que era vencer h\u00e1 oito partidas, desde outubro do ano passado, quando bateu o Coritiba por 2 a 1 pela S\u00e9rie B.<\/p>\n<p>Neste s\u00e1bado (29), o Vasco recebe o Boavista em S\u00e3o Janu\u00e1rio, no Rio\u00a0de Janeiro, \u00e0s 21h (hor\u00e1rio de Bras\u00edlia). Mais cedo, \u00e0s 18h do mesmo dia, o Volta Redonda enfrenta o Flamengo, novamente no Raulino de Oliveira.<\/p>\n<p>Tamb\u00e9m nesta\u00a0quarta, Audax Rio e Nova Igua\u00e7u empataram sem gols no est\u00e1dio Elcyr Resende de Mendon\u00e7a, em Saquarema (RJ).\u00a0No\u00a0s\u00e1bado, os anfitri\u00f5es\u00a0pegam a Portuguesa-RJ no Luso Brasileiro, na capital fluminense, \u00e0s 15h30. No\u00a0domingo\u00a0(30), a Laranja Mec\u00e2nica encara o Resende no Est\u00e1dio do Trabalhador, em Resende (RJ), \u00e0s 11h.<\/p>\n<p><span style=\"font-weight: 400;\">Fonte: Ag\u00eancia Brasil <\/span><\/p>\n","protected":false},"excerpt":{"rendered":"<p>O Vasco goleou na\u00a0estreia pelo Campeonato Carioca. Nesta\u00a0quarta-feira (26), o Cruzmaltino\u00a0fez 4 a 2 no Volta Redonda no est\u00e1dio Raulino de Oliveira, em Volta Redonda (RJ). A partida foi marcada pela reestreia do t\u00e9cnico Z\u00e9 Ricardo no Gigante da Colina. Ele havia dirigido a equipe anteriormente entre agosto de 2017 e junho de 2018. O [&hellip;]<\/p>\n","protected":false},"author":246,"featured_media":194258,"comment_status":"closed","ping_status":"closed","sticky":false,"template":"","format":"standard","meta":{"footnotes":""},"categories":[436,257,439],"tags":[],"class_list":["post-194257","post","type-post","status-publish","format-standard","has-post-thumbnail","hentry","category-destaque-da-semana","category-esporte","category-ultima-hora"],"_links":{"self":[{"href":"https:\/\/diarioregionaldigital.com.br\/index.php?rest_route=\/wp\/v2\/posts\/194257","targetHints":{"allow":["GET"]}}],"collection":[{"href":"https:\/\/diarioregionaldigital.com.br\/index.php?rest_route=\/wp\/v2\/posts"}],"about":[{"href":"https:\/\/diarioregionaldigital.com.br\/index.php?rest_route=\/wp\/v2\/types\/post"}],"author":[{"embeddable":true,"href":"https:\/\/diarioregionaldigital.com.br\/index.php?rest_route=\/wp\/v2\/users\/246"}],"replies":[{"embeddable":true,"href":"https:\/\/diarioregionaldigital.com.br\/index.php?rest_route=%2Fwp%2Fv2%2Fcomments&post=194257"}],"version-history":[{"count":1,"href":"https:\/\/diarioregionaldigital.com.br\/index.php?rest_route=\/wp\/v2\/posts\/194257\/revisions"}],"predecessor-version":[{"id":194259,"href":"https:\/\/diarioregionaldigital.com.br\/index.php?rest_route=\/wp\/v2\/posts\/194257\/revisions\/194259"}],"wp:featuredmedia":[{"embeddable":true,"href":"https:\/\/diarioregionaldigital.com.br\/index.php?rest_route=\/wp\/v2\/media\/194258"}],"wp:attachment":[{"href":"https:\/\/diarioregionaldigital.com.br\/index.php?rest_route=%2Fwp%2Fv2%2Fmedia&parent=194257"}],"wp:term":[{"taxonomy":"category","embeddable":true,"href":"https:\/\/diarioregionaldigital.com.br\/index.php?rest_route=%2Fwp%2Fv2%2Fcategories&post=194257"},{"taxonomy":"post_tag","embeddable":true,"href":"https:\/\/diarioregionaldigital.com.br\/index.php?rest_route=%2Fwp%2Fv2%2Ftags&post=194257"}],"curies":[{"name":"wp","href":"https:\/\/api.w.org\/{rel}","templated":true}]}}