{"id":194254,"date":"2022-01-27T16:43:19","date_gmt":"2022-01-27T19:43:19","guid":{"rendered":"https:\/\/diarioregionaldigital.com.br\/?p=194254"},"modified":"2022-01-27T16:43:19","modified_gmt":"2022-01-27T19:43:19","slug":"bia-haddad-fara-final-de-duplas-na-australia-contra-campeas-olimpicas","status":"publish","type":"post","link":"https:\/\/diarioregionaldigital.com.br\/?p=194254","title":{"rendered":"Bia Haddad far\u00e1 final de duplas na Austr\u00e1lia contra campe\u00e3s ol\u00edmpicas"},"content":{"rendered":"<p>A paulista Bia Haddad est\u00e1 a apenas uma partida de conquistar o t\u00edtulo de duplas do Aberto da Austr\u00e1lia, em Melborune. Ao lado da parceira cazaque Anna Danilina, Bia assegurou vaga na final ao derrotar as japonesas Shuko Aoyama e Ena Shibahara por 2 sets a 1 (parciais de 6\/4, 5\/7 e 6\/4) na semifinal ontem (26) \u00e0 noite.\u00a0Esta \u00e9 a primeira vez que uma brasileira \u00e9 finalista do Grand Slam australiano desde 1968, quando teve in\u00edcio a Era Aberta. Antes, em 1960, Maria Esther Bueno se tornou a primeira mulher do pa\u00eds ao faturar o torneio de duplas.\u00a0<img decoding=\"async\" src=\"https:\/\/agenciabrasil.ebc.com.br\/ebc.png?id=1438998&amp;o=node\" \/><img decoding=\"async\" src=\"https:\/\/agenciabrasil.ebc.com.br\/ebc.gif?id=1438998&amp;o=node\" \/><\/p>\n<p>&#8220;Mais um jogo dif\u00edcil. N\u00e3o foi f\u00e1cil sacar no 5\/4 e perder match point, realmente senti a press\u00e3o, mas feliz que n\u00e3o me frustrei. S\u00f3 olhei pra Anna e falei &#8216;Vamos pro pr\u00f3ximo&#8217;. Muito feliz de ter tido uma segunda chance e \u00e9 isso que eu quero levar pros meus pr\u00f3ximos jogos\u201d, disse Bia, de 27 anos, logo ap\u00f3s o duelo.<\/p>\n<p>Para levantar a ta\u00e7a no primeiro Grand Slam da temporada, a parceria Brasil-Cazaquist\u00e3o ter\u00e1 de superar as atuais campe\u00e3s ol\u00edmpicas. As tchecas Barbora Krejcikova e Katerina Siniakova se classificaram \u00e0 final ao ganharem com tranquilidade a outra semi, contra a dupla da belga Elise Mertens com a russa Veronika Kudermetova por 2 sets a 0 (parciais de 6\/2 e 6\/3). No ano passado, Krejcikova e Siniakova foram vice-campe\u00e3s em Melbourne.<\/p>\n<p>Fonte: Ag\u00eancia Brasil<\/p>\n","protected":false},"excerpt":{"rendered":"<p>A paulista Bia Haddad est\u00e1 a apenas uma partida de conquistar o t\u00edtulo de duplas do Aberto da Austr\u00e1lia, em Melborune. Ao lado da parceira cazaque Anna Danilina, Bia assegurou vaga na final ao derrotar as japonesas Shuko Aoyama e Ena Shibahara por 2 sets a 1 (parciais de 6\/4, 5\/7 e 6\/4) na semifinal [&hellip;]<\/p>\n","protected":false},"author":246,"featured_media":194255,"comment_status":"closed","ping_status":"closed","sticky":false,"template":"","format":"standard","meta":{"footnotes":""},"categories":[436,257,439],"tags":[],"class_list":["post-194254","post","type-post","status-publish","format-standard","has-post-thumbnail","hentry","category-destaque-da-semana","category-esporte","category-ultima-hora"],"_links":{"self":[{"href":"https:\/\/diarioregionaldigital.com.br\/index.php?rest_route=\/wp\/v2\/posts\/194254","targetHints":{"allow":["GET"]}}],"collection":[{"href":"https:\/\/diarioregionaldigital.com.br\/index.php?rest_route=\/wp\/v2\/posts"}],"about":[{"href":"https:\/\/diarioregionaldigital.com.br\/index.php?rest_route=\/wp\/v2\/types\/post"}],"author":[{"embeddable":true,"href":"https:\/\/diarioregionaldigital.com.br\/index.php?rest_route=\/wp\/v2\/users\/246"}],"replies":[{"embeddable":true,"href":"https:\/\/diarioregionaldigital.com.br\/index.php?rest_route=%2Fwp%2Fv2%2Fcomments&post=194254"}],"version-history":[{"count":1,"href":"https:\/\/diarioregionaldigital.com.br\/index.php?rest_route=\/wp\/v2\/posts\/194254\/revisions"}],"predecessor-version":[{"id":194256,"href":"https:\/\/diarioregionaldigital.com.br\/index.php?rest_route=\/wp\/v2\/posts\/194254\/revisions\/194256"}],"wp:featuredmedia":[{"embeddable":true,"href":"https:\/\/diarioregionaldigital.com.br\/index.php?rest_route=\/wp\/v2\/media\/194255"}],"wp:attachment":[{"href":"https:\/\/diarioregionaldigital.com.br\/index.php?rest_route=%2Fwp%2Fv2%2Fmedia&parent=194254"}],"wp:term":[{"taxonomy":"category","embeddable":true,"href":"https:\/\/diarioregionaldigital.com.br\/index.php?rest_route=%2Fwp%2Fv2%2Fcategories&post=194254"},{"taxonomy":"post_tag","embeddable":true,"href":"https:\/\/diarioregionaldigital.com.br\/index.php?rest_route=%2Fwp%2Fv2%2Ftags&post=194254"}],"curies":[{"name":"wp","href":"https:\/\/api.w.org\/{rel}","templated":true}]}}