{"id":194251,"date":"2022-01-27T16:39:35","date_gmt":"2022-01-27T19:39:35","guid":{"rendered":"https:\/\/diarioregionaldigital.com.br\/?p=194251"},"modified":"2022-01-27T16:39:35","modified_gmt":"2022-01-27T19:39:35","slug":"campeonato-mineiro-atletico-busca-empate-com-villa-nova-na-estreia","status":"publish","type":"post","link":"https:\/\/diarioregionaldigital.com.br\/?p=194251","title":{"rendered":"Campeonato Mineiro: Atl\u00e9tico busca empate com Villa Nova na estreia"},"content":{"rendered":"<p>Atual campe\u00e3o brasileiro e da Copa do Brasil, o Atl\u00e9tico-MG escapou, por pouco, de estrear com derrota no Campeonato Mineiro &#8211; onde tamb\u00e9m defende o t\u00edtulo. Nesta\u00a0quarta-feira (26), o Galo empatou por 1 a 1 com o Villa Nova no est\u00e1dio Castor Cifuentes, em Nova Lima (MG). A partida marcou a estreia do t\u00e9cnico Antonio &#8220;Turco&#8221; Mohamed no comando do Alvinegro.<img decoding=\"async\" src=\"https:\/\/agenciabrasil.ebc.com.br\/ebc.png?id=1438895&amp;o=node\" \/><img decoding=\"async\" src=\"https:\/\/agenciabrasil.ebc.com.br\/ebc.gif?id=1438895&amp;o=node\" \/><\/p>\n<p>O Le\u00e3o do Bonfim aproveitou uma bobeada de Rafael para sair na frente. Aos 42 minutos do primeiro tempo, o goleiro do Atl\u00e9tico se enrolou em uma disputa com o atacante Thiago Mosquito, que abriu o placar. Os visitantes pressionaram e\u00a0conseguiram o empate aos 43 da etapa final. Dylan Borrero foi lan\u00e7ado pelo tamb\u00e9m meia Mat\u00edas Zaracho e soltou a bomba para evitar a derrota.<\/p>\n<p>O pr\u00f3ximo compromisso do Galo ser\u00e1 no\u00a0s\u00e1bado\u00a0(29), contra o Tombense, no Independ\u00eancia, em Belo Horizonte, \u00e0s 16h30 (hor\u00e1rio de Bras\u00edlia). No\u00a0domingo\u00a0(30), \u00e0s 17h, o Villa Nova tem o Pouso Alegre pela frente no Manduz\u00e3o, em Pouso Alegre (MG).<\/p>\n<h2>Cruzeiro larga com vit\u00f3ria<\/h2>\n<p>Mais cedo nesta\u00a0quarta, o Cruzeiro estreou em 2022 derrotando a URT por 3 a 0 no Independ\u00eancia. Foi o primeiro duelo oficial da Raposa desde que o ex-jogador Ronaldo Fen\u00f4meno adquiriu 90% das a\u00e7\u00f5es da Sociedade An\u00f4nima do Futebol (SAF) do clube celeste, em dezembro do ano passado.<\/p>\n<p>Os anfitri\u00f5es sa\u00edram na frente aos 41 minutos do primeiro tempo. O lateral Rafael Santos cruzou pela esquerda e o atacante Thiago completou para as redes. Na etapa final, aos dez minutos, o atacante Waguininho recebeu na direita e ajeitou para o volante Filipe Machado finalizar de primeira. Aos 25, o centroavante Edu definiu o marcador.<\/p>\n<p>O Cruzeiro volta a campo no\u00a0domingo, \u00e0s 11h, para encarar o Athletic Club no est\u00e1dio Joaquim Portugal, em S\u00e3o Jo\u00e3o del-Rei (MG). A URT recebe a Caldense no mesmo dia, \u00e0s 16h, no est\u00e1dio Zama Maciel, em Patos de Minas (MG).<\/p>\n<p>Fonte: Ag\u00eancia Brasil<\/p>\n","protected":false},"excerpt":{"rendered":"<p>Atual campe\u00e3o brasileiro e da Copa do Brasil, o Atl\u00e9tico-MG escapou, por pouco, de estrear com derrota no Campeonato Mineiro &#8211; onde tamb\u00e9m defende o t\u00edtulo. Nesta\u00a0quarta-feira (26), o Galo empatou por 1 a 1 com o Villa Nova no est\u00e1dio Castor Cifuentes, em Nova Lima (MG). A partida marcou a estreia do t\u00e9cnico Antonio [&hellip;]<\/p>\n","protected":false},"author":246,"featured_media":194252,"comment_status":"closed","ping_status":"closed","sticky":false,"template":"","format":"standard","meta":{"footnotes":""},"categories":[436,440,257,439],"tags":[],"class_list":["post-194251","post","type-post","status-publish","format-standard","has-post-thumbnail","hentry","category-destaque-da-semana","category-destaques-do-dia","category-esporte","category-ultima-hora"],"_links":{"self":[{"href":"https:\/\/diarioregionaldigital.com.br\/index.php?rest_route=\/wp\/v2\/posts\/194251","targetHints":{"allow":["GET"]}}],"collection":[{"href":"https:\/\/diarioregionaldigital.com.br\/index.php?rest_route=\/wp\/v2\/posts"}],"about":[{"href":"https:\/\/diarioregionaldigital.com.br\/index.php?rest_route=\/wp\/v2\/types\/post"}],"author":[{"embeddable":true,"href":"https:\/\/diarioregionaldigital.com.br\/index.php?rest_route=\/wp\/v2\/users\/246"}],"replies":[{"embeddable":true,"href":"https:\/\/diarioregionaldigital.com.br\/index.php?rest_route=%2Fwp%2Fv2%2Fcomments&post=194251"}],"version-history":[{"count":1,"href":"https:\/\/diarioregionaldigital.com.br\/index.php?rest_route=\/wp\/v2\/posts\/194251\/revisions"}],"predecessor-version":[{"id":194253,"href":"https:\/\/diarioregionaldigital.com.br\/index.php?rest_route=\/wp\/v2\/posts\/194251\/revisions\/194253"}],"wp:featuredmedia":[{"embeddable":true,"href":"https:\/\/diarioregionaldigital.com.br\/index.php?rest_route=\/wp\/v2\/media\/194252"}],"wp:attachment":[{"href":"https:\/\/diarioregionaldigital.com.br\/index.php?rest_route=%2Fwp%2Fv2%2Fmedia&parent=194251"}],"wp:term":[{"taxonomy":"category","embeddable":true,"href":"https:\/\/diarioregionaldigital.com.br\/index.php?rest_route=%2Fwp%2Fv2%2Fcategories&post=194251"},{"taxonomy":"post_tag","embeddable":true,"href":"https:\/\/diarioregionaldigital.com.br\/index.php?rest_route=%2Fwp%2Fv2%2Ftags&post=194251"}],"curies":[{"name":"wp","href":"https:\/\/api.w.org\/{rel}","templated":true}]}}