{"id":194059,"date":"2022-01-24T17:55:17","date_gmt":"2022-01-24T20:55:17","guid":{"rendered":"https:\/\/diarioregionaldigital.com.br\/?p=194059"},"modified":"2022-01-24T17:55:17","modified_gmt":"2022-01-24T20:55:17","slug":"chuvas-prejudicaram-119-mil-hectares-de-lavouras-em-minas","status":"publish","type":"post","link":"https:\/\/diarioregionaldigital.com.br\/?p=194059","title":{"rendered":"Chuvas prejudicaram 119 mil hectares de lavouras em Minas"},"content":{"rendered":"<p>A<a href=\"https:\/\/www.emater.mg.gov.br\/\" target=\"_blank\" rel=\"noopener\">\u00a0Empresa de Assist\u00eancia T\u00e9cnica e Extens\u00e3o Rural de Minas Gerais (Emater-MG)<\/a>\u00a0atualizou o levantamento sobre as perdas no setor agropecu\u00e1rio do estado causadas pelas chuvas nos meses de dezembro e janeiro. O novo balan\u00e7o mostra que 119 mil hectares de lavouras foram perdidos. A maior parte do preju\u00edzo foi na produ\u00e7\u00e3o de gr\u00e3os (74,5 mil hectares) e hortali\u00e7as (3,4 mil hectares).<\/p>\n<p>Segundo a Emater-MG, 127 mil produtores sofreram algum tipo de impacto na atividade por causa das chuvas. O levantamento tamb\u00e9m indicou que 416 munic\u00edpios relataram perdas no campo durante o per\u00edodo chuvoso, o que corresponde a 48,7% do total do estado.<\/p>\n<p>A cultura do milho (safra ver\u00e3o) foi a que registrou a maior \u00e1rea perdida. Foram 37,5 mil hectares, o equivalente a 4% de toda a \u00e1rea cultivada no estado, estimada em 851,5 mil hectares. J\u00e1 a cultura do feij\u00e3o 1\u00aa safra sofreu uma perda de 20,5 mil hectares. A \u00e1rea equivale a 15% do total plantado em Minas Gerais, que foi de 133,2 mil hectares.<\/p>\n<p>\u201cO preju\u00edzo s\u00f3 n\u00e3o foi maior porque as principais regi\u00f5es produtoras de milho e feij\u00e3o, como o Noroeste, Tri\u00e2ngulo Mineiro e Sul de Minas n\u00e3o sofreram tanto com as chuvas. As maiores perdas ficaram concentradas no Norte e na regi\u00e3o Central, onde em alguns locais a \u00e1rea comprometida foi superior a 60%\u201d, explica o diretor-presidente da Emater-MG, Ot\u00e1vio Maia.<\/p>\n<p><strong>Hortali\u00e7as<\/strong><\/p>\n<p>Em rela\u00e7\u00e3o \u00e0s hortali\u00e7as, a chuva causou preju\u00edzos principalmente na produ\u00e7\u00e3o da Regi\u00e3o Metropolitana de Belo Horizonte, al\u00e9m das regi\u00f5es Norte, Central e Leste de Minas. As culturas com a maior \u00e1rea perdida foram a de alface (416 hectares), tomate (365 hectares) e quiabo (236 hectares).<\/p>\n<p>Segundo informa\u00e7\u00f5es da Ceasaminas do entreposto de Contagem, na primeira quinzena de janeiro deste ano, houve no atacado um aumento nos pre\u00e7os das hortali\u00e7as de 21,2% e frutas de 4,4%, na compara\u00e7\u00e3o com o mesmo per\u00edodo de 2021.<\/p>\n<p>As folhosas tiveram uma alta expressiva de pre\u00e7os, pois a maioria \u00e9 cultivada em campo aberto e muito suscet\u00edvel ao per\u00edodo chuvoso. Nesta \u00e9poca, \u00e9 comum que haja uma redu\u00e7\u00e3o de oferta dessas hortali\u00e7as. Mas o volume de chuva acima do esperado intensificou a dificuldade de produ\u00e7\u00e3o, al\u00e9m de afetar o transporte em algumas regi\u00f5es.<\/p>\n<p>\u201cO importante para o consumidor agora, \u00e9 n\u00e3o cair na especula\u00e7\u00e3o e pesquisar os pre\u00e7os no mercado varejista, aproveitando as promo\u00e7\u00f5es e valores mais competitivos. Al\u00e9m disso, existem altera\u00e7\u00f5es de pre\u00e7os que s\u00e3o comuns nesta \u00e9poca, por casa da sazonalidade de alguns produtos\u201d, alerta o presidente da Emater-MG.<\/p>\n<p><strong>Caf\u00e9 e leite\u00a0<\/strong><\/p>\n<p>A Emater-MG informa que n\u00e3o foram registrados preju\u00edzos significativos nas lavouras de caf\u00e9 do estado. Os principais problemas que poder\u00e3o refletir na colheita desta safra foram provocados por outras quest\u00f5es clim\u00e1ticas, em 2021. \u201cNo Sul de Minas e Alto Parana\u00edba, principalmente, houve geada em julho, al\u00e9m do longo per\u00edodo de estiagem, o que prejudicou a flora\u00e7\u00e3o\u201d, afirma Ot\u00e1vio Maia.<\/p>\n<p>No caso da produ\u00e7\u00e3o de leite, o levantamento feito pela Emater-MG em 96 latic\u00ednios do estado, logo ap\u00f3s os dias de chuvas mais intensas, mostrou que 9% da capta\u00e7\u00e3o do produto foi prejudicada por causa da situa\u00e7\u00e3o das estradas. Mas com a redu\u00e7\u00e3o das chuvas, a distribui\u00e7\u00e3o foi praticamente normalizada nas diferentes regi\u00f5es produtoras, apenas com algumas situa\u00e7\u00f5es pontuais de dificuldade de circula\u00e7\u00e3o de ve\u00edculos para transporte do leite, mas que n\u00e3o comprometem a capta\u00e7\u00e3o total do estado.<\/p>\n<p><strong>Recupera Minas<\/strong><\/p>\n<p>O governo estadual lan\u00e7ou o Plano Recupera Minas, que destinar\u00e1 R$ 603 milh\u00f5es em recursos estaduais para a\u00e7\u00f5es na \u00e1rea de infraestrutura e de suporte a pessoas e cidades afetadas pelos fortes temporais no estado. O Plano conta com medidas imediatas ou de r\u00e1pida implementa\u00e7\u00e3o e foi elaborado ap\u00f3s o governo ouvir as prefeituras e atingidos, mapear as principais demandas e realizar estudos que garantam a viabilidade das a\u00e7\u00f5es.<\/p>\n<p>O trabalho da Emater-MG faz parte do programa. A empresa elaborar\u00e1, gratuitamente, os laudos t\u00e9cnicos para agricultores familiares que precisem comprovar as perdas causadas pelas chuvas. Estas comprova\u00e7\u00f5es s\u00e3o essenciais para que os agricultores familiares consigam renegociar suas d\u00edvidas ou financiamentos, al\u00e9m de garantir acesso a seguros.<\/p>\n<p>Os profissionais da empresa tamb\u00e9m v\u00e3o elaborar projetos t\u00e9cnicos para os produtores que necessitem obter recursos junto aos agentes financeiros para recupera\u00e7\u00e3o de estruturas nas propriedades ou dos sistemas produtivos prejudicados pelas chuvas.<\/p>\n<p>Outra a\u00e7\u00e3o da Emater-MG de apoio aos produtores rurais no Recupera Minas \u00e9 a orienta\u00e7\u00e3o sobre o recebimento do Garantia-Safra. Ele \u00e9 um benef\u00edcio do Programa Nacional de Fortalecimento da Agricultura Familiar (Pronaf) voltado a agricultores familiares da regi\u00e3o do Semi\u00e1rido. O Garantia-Safra \u00e9 pago aos agricultores inscritos, com renda mensal de at\u00e9 um sal\u00e1rio m\u00ednimo e meio, com plantio entre 0,6 e 5 hectares, e que tiverem perdas comprovadas por estiagem ou excesso de chuva em lavouras de feij\u00e3o, milho, arroz, mandioca e algod\u00e3o. A estimativa \u00e9 que cerca de 40 mil agricultores poder\u00e3o ser beneficiados.<\/p>\n<p>Os t\u00e9cnicos de campo da empresa tamb\u00e9m intensificaram o trabalho de assist\u00eancia t\u00e9cnica nas propriedades, principalmente no controle fitossanit\u00e1rio das lavouras, necess\u00e1rio ao combate de doen\u00e7as que surgem por causa da umidade.<\/p>\n<p>Fonte: Ag\u00eancia Minas<\/p>\n","protected":false},"excerpt":{"rendered":"<p>A\u00a0Empresa de Assist\u00eancia T\u00e9cnica e Extens\u00e3o Rural de Minas Gerais (Emater-MG)\u00a0atualizou o levantamento sobre as perdas no setor agropecu\u00e1rio do estado causadas pelas chuvas nos meses de dezembro e janeiro. O novo balan\u00e7o mostra que 119 mil hectares de lavouras foram perdidos. A maior parte do preju\u00edzo foi na produ\u00e7\u00e3o de gr\u00e3os (74,5 mil hectares) [&hellip;]<\/p>\n","protected":false},"author":246,"featured_media":194060,"comment_status":"closed","ping_status":"closed","sticky":false,"template":"","format":"standard","meta":{"footnotes":""},"categories":[253,436,440,439],"tags":[],"class_list":["post-194059","post","type-post","status-publish","format-standard","has-post-thumbnail","hentry","category-cidade","category-destaque-da-semana","category-destaques-do-dia","category-ultima-hora"],"_links":{"self":[{"href":"https:\/\/diarioregionaldigital.com.br\/index.php?rest_route=\/wp\/v2\/posts\/194059","targetHints":{"allow":["GET"]}}],"collection":[{"href":"https:\/\/diarioregionaldigital.com.br\/index.php?rest_route=\/wp\/v2\/posts"}],"about":[{"href":"https:\/\/diarioregionaldigital.com.br\/index.php?rest_route=\/wp\/v2\/types\/post"}],"author":[{"embeddable":true,"href":"https:\/\/diarioregionaldigital.com.br\/index.php?rest_route=\/wp\/v2\/users\/246"}],"replies":[{"embeddable":true,"href":"https:\/\/diarioregionaldigital.com.br\/index.php?rest_route=%2Fwp%2Fv2%2Fcomments&post=194059"}],"version-history":[{"count":1,"href":"https:\/\/diarioregionaldigital.com.br\/index.php?rest_route=\/wp\/v2\/posts\/194059\/revisions"}],"predecessor-version":[{"id":194061,"href":"https:\/\/diarioregionaldigital.com.br\/index.php?rest_route=\/wp\/v2\/posts\/194059\/revisions\/194061"}],"wp:featuredmedia":[{"embeddable":true,"href":"https:\/\/diarioregionaldigital.com.br\/index.php?rest_route=\/wp\/v2\/media\/194060"}],"wp:attachment":[{"href":"https:\/\/diarioregionaldigital.com.br\/index.php?rest_route=%2Fwp%2Fv2%2Fmedia&parent=194059"}],"wp:term":[{"taxonomy":"category","embeddable":true,"href":"https:\/\/diarioregionaldigital.com.br\/index.php?rest_route=%2Fwp%2Fv2%2Fcategories&post=194059"},{"taxonomy":"post_tag","embeddable":true,"href":"https:\/\/diarioregionaldigital.com.br\/index.php?rest_route=%2Fwp%2Fv2%2Ftags&post=194059"}],"curies":[{"name":"wp","href":"https:\/\/api.w.org\/{rel}","templated":true}]}}