{"id":194056,"date":"2022-01-24T17:47:12","date_gmt":"2022-01-24T20:47:12","guid":{"rendered":"https:\/\/diarioregionaldigital.com.br\/?p=194056"},"modified":"2022-01-24T17:47:12","modified_gmt":"2022-01-24T20:47:12","slug":"custo-de-vida-em-sao-paulo-tem-maior-alta-desde-2015-diz-fecomercio","status":"publish","type":"post","link":"https:\/\/diarioregionaldigital.com.br\/?p=194056","title":{"rendered":"Custo de vida em S\u00e3o Paulo tem maior alta desde 2015, diz Fecomercio"},"content":{"rendered":"<p>O custo de vida teve alta de 10% em 2021, na Regi\u00e3o Metropolitana de S\u00e3o Paulo, segundo estudo feito pela Federa\u00e7\u00e3o do Com\u00e9rcio de Bens, Servi\u00e7os e Turismo do Estado de S\u00e3o Paulo (Fercomercio-SP). A eleva\u00e7\u00e3o foi a maior, de acordo com a entidade, desde 2015, quando o \u00edndice registrou uma alta de 11,56% no custo de vida ao longo daquele ano.<img decoding=\"async\" src=\"https:\/\/agenciabrasil.ebc.com.br\/ebc.png?id=1438335&amp;o=node\" \/><img decoding=\"async\" src=\"https:\/\/agenciabrasil.ebc.com.br\/ebc.gif?id=1438335&amp;o=node\" \/><\/p>\n<p>O aumento do custo de vida foi maior para as pessoas mais pobres. Para a classe E, a eleva\u00e7\u00e3o chegou a 11,38%. Na classe A, a alta ficou em 9%.<\/p>\n<p>Segundo a Fercomercio-SP, o aumento internacional dos pre\u00e7os do petr\u00f3leo provocou alta de pre\u00e7os em cadeia. Os custos com transportes subiram 20,6%, com eleva\u00e7\u00e3o de 63,7% dos pre\u00e7os do etanol, 42,8% da gasolina e 41,4% do \u00f3leo diesel.<\/p>\n<p>A alta da energia tamb\u00e9m influenciou os custos de habita\u00e7\u00e3o, com aumento de 38% no pre\u00e7o do botij\u00e3o de g\u00e1s em 2021 e de 23,2% no g\u00e1s encanado. A energia el\u00e9trica residencial aumentou 25,8%, segundo a Fecomercio, devido a estiagem que atingiu o Brasil no ano passado e levou ao acionamento das usinas termoel\u00e9tricas.<\/p>\n<p>Na alimenta\u00e7\u00e3o tamb\u00e9m ocorreram altas importantes, com aumento de 10% no pre\u00e7o das carnes, de 13,2% na farinha de trigo e 10,2% no leite e derivados.<\/p>\n<p>Em dezembro, a alta do custo de vida ficou em 0,78%. Um percentual ainda elevado, de acordo com a federa\u00e7\u00e3o, por\u00e9m mais baixo do que o patamar\u00a0de outubro\u00a0(1,41%) e novembro (1,01%). No m\u00eas, a maior eleva\u00e7\u00e3o foi registrada no segmento dos alimentos e bebidas. Subiram os pre\u00e7os do caf\u00e9 (9,8%), do mam\u00e3o (28,7%) e do contrafil\u00e9 (5,1%).<\/p>\n<p>Na avalia\u00e7\u00e3o da Fercomercio, a infla\u00e7\u00e3o est\u00e1 perdendo for\u00e7a e, em 2022, o custo de vida ainda deve ser elevado, por\u00e9m, em um patamar mais baixo do que em 2021. \u201cUma vez que os impactos mais relevantes da pandemia nos pre\u00e7os j\u00e1 foram absorvidos ao longo dos \u00faltimos dois anos\u201d.<\/p>\n<p>Apesar da perspectiva de melhora do cen\u00e1rio econ\u00f4mico, a entidade chama aten\u00e7\u00e3o para a necessidade de redu\u00e7\u00e3o do atual n\u00edvel de desemprego. \u201c\u00c9 importante lembrar que o Brasil ainda convive com 13 milh\u00f5es de desempregados. Por isso, qualquer avan\u00e7o de pre\u00e7os, sem grandes oportunidades no mercado de trabalho,\u00a0ter\u00e1 um efeito socioecon\u00f4mico danoso para as fam\u00edlias, que, em grande parte, n\u00e3o conseguem recompor as perdas causadas pela infla\u00e7\u00e3o.\u201d, destacou\u00a0a Fecomercio.<\/p>\n<p>Fonte: Ag\u00eancia Brasil<\/p>\n","protected":false},"excerpt":{"rendered":"<p>O custo de vida teve alta de 10% em 2021, na Regi\u00e3o Metropolitana de S\u00e3o Paulo, segundo estudo feito pela Federa\u00e7\u00e3o do Com\u00e9rcio de Bens, Servi\u00e7os e Turismo do Estado de S\u00e3o Paulo (Fercomercio-SP). A eleva\u00e7\u00e3o foi a maior, de acordo com a entidade, desde 2015, quando o \u00edndice registrou uma alta de 11,56% no [&hellip;]<\/p>\n","protected":false},"author":246,"featured_media":194057,"comment_status":"closed","ping_status":"closed","sticky":false,"template":"","format":"standard","meta":{"footnotes":""},"categories":[436,261,439],"tags":[],"class_list":["post-194056","post","type-post","status-publish","format-standard","has-post-thumbnail","hentry","category-destaque-da-semana","category-economia","category-ultima-hora"],"_links":{"self":[{"href":"https:\/\/diarioregionaldigital.com.br\/index.php?rest_route=\/wp\/v2\/posts\/194056","targetHints":{"allow":["GET"]}}],"collection":[{"href":"https:\/\/diarioregionaldigital.com.br\/index.php?rest_route=\/wp\/v2\/posts"}],"about":[{"href":"https:\/\/diarioregionaldigital.com.br\/index.php?rest_route=\/wp\/v2\/types\/post"}],"author":[{"embeddable":true,"href":"https:\/\/diarioregionaldigital.com.br\/index.php?rest_route=\/wp\/v2\/users\/246"}],"replies":[{"embeddable":true,"href":"https:\/\/diarioregionaldigital.com.br\/index.php?rest_route=%2Fwp%2Fv2%2Fcomments&post=194056"}],"version-history":[{"count":1,"href":"https:\/\/diarioregionaldigital.com.br\/index.php?rest_route=\/wp\/v2\/posts\/194056\/revisions"}],"predecessor-version":[{"id":194058,"href":"https:\/\/diarioregionaldigital.com.br\/index.php?rest_route=\/wp\/v2\/posts\/194056\/revisions\/194058"}],"wp:featuredmedia":[{"embeddable":true,"href":"https:\/\/diarioregionaldigital.com.br\/index.php?rest_route=\/wp\/v2\/media\/194057"}],"wp:attachment":[{"href":"https:\/\/diarioregionaldigital.com.br\/index.php?rest_route=%2Fwp%2Fv2%2Fmedia&parent=194056"}],"wp:term":[{"taxonomy":"category","embeddable":true,"href":"https:\/\/diarioregionaldigital.com.br\/index.php?rest_route=%2Fwp%2Fv2%2Fcategories&post=194056"},{"taxonomy":"post_tag","embeddable":true,"href":"https:\/\/diarioregionaldigital.com.br\/index.php?rest_route=%2Fwp%2Fv2%2Ftags&post=194056"}],"curies":[{"name":"wp","href":"https:\/\/api.w.org\/{rel}","templated":true}]}}