{"id":194053,"date":"2022-01-24T17:45:59","date_gmt":"2022-01-24T20:45:59","guid":{"rendered":"https:\/\/diarioregionaldigital.com.br\/?p=194053"},"modified":"2022-01-24T17:45:59","modified_gmt":"2022-01-24T20:45:59","slug":"mercado-financeiro-aumenta-previsao-de-inflacao-para-este-ano","status":"publish","type":"post","link":"https:\/\/diarioregionaldigital.com.br\/?p=194053","title":{"rendered":"Mercado financeiro aumenta previs\u00e3o de infla\u00e7\u00e3o para este ano"},"content":{"rendered":"<p>Institui\u00e7\u00f5es financeiras consultadas\u00a0semanalmente pelo Banco Central (BC)\u00a0estimam, em boletim divulgado hoje (24), que\u00a0o \u00cdndice de Pre\u00e7os ao Consumidor Amplo (IPCA), infla\u00e7\u00e3o oficial do pa\u00eds,\u00a0deve fechar 2022 em 5,15%. H\u00e1 uma semana, a proje\u00e7\u00e3o do mercado era que a infla\u00e7\u00e3o terminasse o ano em 5,09%. H\u00e1 quatro semanas, era 5,03%.<img decoding=\"async\" src=\"https:\/\/agenciabrasil.ebc.com.br\/ebc.png?id=1438302&amp;o=node\" \/><img decoding=\"async\" src=\"https:\/\/agenciabrasil.ebc.com.br\/ebc.gif?id=1438302&amp;o=node\" \/><\/p>\n<p>Para 2023, o mercado manteve a expectativa de infla\u00e7\u00e3o da semana passada, de 3,4%. Em 2024, a previs\u00e3o tamb\u00e9m \u00e9 a mesma da \u00faltima semana.<\/p>\n<p>O boletim\u00a0<em>Focus<\/em>\u00a0re\u00fane a proje\u00e7\u00e3o do mercado para os principais indicadores econ\u00f4micos do pa\u00eds. Na estimativa desta semana, o Focus indica\u00a0a mesma varia\u00e7\u00e3o do Produto Interno Bruto (PIB) registrada h\u00e1 sete dias, de 0,29%. H\u00e1 quatro semanas, o mercado previa crescimento da economia brasileira de 0,42%.<\/p>\n<p>O boletim registra ainda diminui\u00e7\u00e3o na expectativa de crescimento do PIB para 2023, passando de 1,75% na semana passada para 1,69%. Para 2024, a proje\u00e7\u00e3o se manteve est\u00e1vel, em 2%.<\/p>\n<h2>Taxa de juros e c\u00e2mbio<\/h2>\n<p>A previs\u00e3o do mercado para a taxa b\u00e1sica de juros, a Selic, em 2022, tamb\u00e9m ficou est\u00e1vel em rela\u00e7\u00e3o ao divulgado na semana passada, 11,75% ao ano. H\u00e1 quatro semanas, a proje\u00e7\u00e3o era que a Selic fecharia 2022 em 11,5% ao ano.<\/p>\n<p>A taxa, definida pelo Comit\u00ea de Pol\u00edtica Monet\u00e1ria (Copom)\u00a0est\u00e1 atualmente em 9,25% ao ano. Na pr\u00f3xima reuni\u00e3o do \u00f3rg\u00e3o, em fevereiro, o Copom j\u00e1 sinalizou que deve elevar a Selic em mais 1,5 ponto percentual.<\/p>\n<p>Para o fim de 2023, a estimativa \u00e9 que a taxa b\u00e1sica caia para 8% ao ano, a mesma da semana passada. Para 2024, a previs\u00e3o para a Selic \u00e9\u00a07% ao ano, \u00edndice igual ao\u00a0da semana anterior.<\/p>\n<p>A expectativa do mercado para a cota\u00e7\u00e3o do d\u00f3lar em 2022 tamb\u00e9m se manteve igual ao projetado na semana passada, R$ 5,60. No pr\u00f3ximo ano, a proje\u00e7\u00e3o \u00e9 de alta no c\u00e2mbio. Para 2023, a previs\u00e3o da cota\u00e7\u00e3o do d\u00f3lar subiu de R$ 5,46 para R$ 5,50 e, para 2024, se manteve est\u00e1vel em\u00a0R$ 5,40.<\/p>\n<p>Fonte: Ag\u00eancia Brasil<\/p>\n","protected":false},"excerpt":{"rendered":"<p>Institui\u00e7\u00f5es financeiras consultadas\u00a0semanalmente pelo Banco Central (BC)\u00a0estimam, em boletim divulgado hoje (24), que\u00a0o \u00cdndice de Pre\u00e7os ao Consumidor Amplo (IPCA), infla\u00e7\u00e3o oficial do pa\u00eds,\u00a0deve fechar 2022 em 5,15%. H\u00e1 uma semana, a proje\u00e7\u00e3o do mercado era que a infla\u00e7\u00e3o terminasse o ano em 5,09%. H\u00e1 quatro semanas, era 5,03%. Para 2023, o mercado manteve a [&hellip;]<\/p>\n","protected":false},"author":246,"featured_media":194054,"comment_status":"closed","ping_status":"closed","sticky":false,"template":"","format":"standard","meta":{"footnotes":""},"categories":[436,261,439],"tags":[],"class_list":["post-194053","post","type-post","status-publish","format-standard","has-post-thumbnail","hentry","category-destaque-da-semana","category-economia","category-ultima-hora"],"_links":{"self":[{"href":"https:\/\/diarioregionaldigital.com.br\/index.php?rest_route=\/wp\/v2\/posts\/194053","targetHints":{"allow":["GET"]}}],"collection":[{"href":"https:\/\/diarioregionaldigital.com.br\/index.php?rest_route=\/wp\/v2\/posts"}],"about":[{"href":"https:\/\/diarioregionaldigital.com.br\/index.php?rest_route=\/wp\/v2\/types\/post"}],"author":[{"embeddable":true,"href":"https:\/\/diarioregionaldigital.com.br\/index.php?rest_route=\/wp\/v2\/users\/246"}],"replies":[{"embeddable":true,"href":"https:\/\/diarioregionaldigital.com.br\/index.php?rest_route=%2Fwp%2Fv2%2Fcomments&post=194053"}],"version-history":[{"count":1,"href":"https:\/\/diarioregionaldigital.com.br\/index.php?rest_route=\/wp\/v2\/posts\/194053\/revisions"}],"predecessor-version":[{"id":194055,"href":"https:\/\/diarioregionaldigital.com.br\/index.php?rest_route=\/wp\/v2\/posts\/194053\/revisions\/194055"}],"wp:featuredmedia":[{"embeddable":true,"href":"https:\/\/diarioregionaldigital.com.br\/index.php?rest_route=\/wp\/v2\/media\/194054"}],"wp:attachment":[{"href":"https:\/\/diarioregionaldigital.com.br\/index.php?rest_route=%2Fwp%2Fv2%2Fmedia&parent=194053"}],"wp:term":[{"taxonomy":"category","embeddable":true,"href":"https:\/\/diarioregionaldigital.com.br\/index.php?rest_route=%2Fwp%2Fv2%2Fcategories&post=194053"},{"taxonomy":"post_tag","embeddable":true,"href":"https:\/\/diarioregionaldigital.com.br\/index.php?rest_route=%2Fwp%2Fv2%2Ftags&post=194053"}],"curies":[{"name":"wp","href":"https:\/\/api.w.org\/{rel}","templated":true}]}}