{"id":194043,"date":"2022-01-22T01:46:43","date_gmt":"2022-01-22T04:46:43","guid":{"rendered":"https:\/\/diarioregionaldigital.com.br\/?p=194043"},"modified":"2022-01-22T01:46:43","modified_gmt":"2022-01-22T04:46:43","slug":"jesus-nos-revelou-que-a-cura-e-vontade-de-deus","status":"publish","type":"post","link":"https:\/\/diarioregionaldigital.com.br\/?p=194043","title":{"rendered":"Jesus nos revelou que a cura \u00e9 vontade de Deus"},"content":{"rendered":"<p>Jesus Cristo \u00e9 a revela\u00e7\u00e3o da vontade de Deus:<\/p>\n<p>\u201cDisse-lhe Filipe: Senhor, mostra-nos o Pai, o que nos basta. Disse-lhe Jesus: Estou h\u00e1 tanto tempo convosco, e n\u00e3o me tendes conhecido, Filipe? Quem me v\u00ea a mim v\u00ea o Pai; e como dizes tu: Mostra-nos o Pai? N\u00e3o cr\u00eas tu que eu estou no Pai, e que o Pai est\u00e1 em mim? As palavras que eu vos digo n\u00e3o as digo de mim mesmo, mas o Pai, que est\u00e1 em mim, \u00e9 quem faz as obras. Crede-me que estou no Pai, e o Pai em mim; crede-me, ao menos, por causa das mesmas obras\u201d (Jo\u00e3o 14: 8-11).<\/p>\n<p>Nesse di\u00e1logo, o Ap\u00f3stolo Filipe pede a Jesus que lhes mostrasse Deus. A resposta de Jesus \u00e9: \u201colhe para mim, naquilo que disse e fiz, e assim ver\u00e1 o Pai\u201d.<\/p>\n<p>Jesus jamais desobedeceu ao Senhor, tudo o que fez em seu minist\u00e9rio terreno foi por ordem superior: \u201cMas \u00e9 para que o mundo saiba que eu amo o Pai, e que fa\u00e7o como o Pai me mandou\u201d (Jo\u00e3o 14: 31a)<\/p>\n<p>Mesmo quando estava para ser crucificado, jamais deixou de ser obediente em absolutamente tudo:<\/p>\n<p>\u201cE, indo um pouco mais para diante, prostrou-se sobre o seu rosto, orando e dizendo: Meu Pai, se \u00e9 poss\u00edvel, passe de mim este c\u00e1lice; todavia, n\u00e3o seja como eu quero, mas como tu queres\u201d (Mateus 26: 39).<\/p>\n<p>Sendo assim, como devemos interpretar a doen\u00e7a, a enfermidade, ou seja, a falta de sa\u00fade f\u00edsica? Alguns acreditam que a doen\u00e7a \u00e9 uma maneira de purifica\u00e7\u00e3o, outros de que \u00e9 uma prova de f\u00e9, outros ainda acham que Deus quer dar li\u00e7\u00f5es atrav\u00e9s da doen\u00e7a.<\/p>\n<p>Vamos raciocinar: se fosse assim, por que Jesus Cristo nunca explicou \u00e0queles doentes que o procuravam o motivo de seus males dizendo algo como \u201cinfelizmente voc\u00ea tem que passar por esse sofrimento porque \u00e9 a vontade de Deus que voc\u00ea aprenda&#8221; ou \u201cse fortale\u00e7a\u201d ou \u201caumente sua f\u00e9\u201d&#8230;<\/p>\n<p>N\u00e3o!!! Voc\u00ea n\u00e3o encontra nenhuma passagem da B\u00edblia em que Jesus justifique a doen\u00e7a, ao contr\u00e1rio, em TODAS as ocasi\u00f5es ELE CUROU OS DOENTES!!!<\/p>\n<p>Veja alguns exemplos b\u00edblicos:<\/p>\n<p>\u201cE, chegada a tarde, trouxeram-lhe muitos endemoninhados, e ele com a sua palavra expulsou deles os esp\u00edritos, e curou todos os que estavam enfermos;\u201d (Mateus 8: 16).<\/p>\n<p>Observe que ele \u201ccurou todos\u201d, sem exce\u00e7\u00e3o.<\/p>\n<p>\u201cE, onde quer que entrava, ou em cidade, ou aldeias, ou no campo, apresentavam os enfermos nas pra\u00e7as, e rogavam-lhe que os deixasse tocar ao menos na orla da sua roupa; e todos os que lhe tocavam saravam\u201d (Marcos 6: 56).<\/p>\n<p>Jesus sarava a \u201ctodos\u201d que lhe tocavam.<\/p>\n<p>\u201cE seguiram-no grandes multid\u00f5es, e curou-as ali\u201d (Mateus 19: 2). Ele n\u00e3o tirava ningu\u00e9m da multid\u00e3o, ao contr\u00e1rio, curava, sem qualquer distin\u00e7\u00e3o, cada indiv\u00edduo que estava no meio do mont\u00e3o de gente recebia a sua cura.<\/p>\n<p>\u201cE, ao p\u00f4r do sol, todos os que tinham enfermos de v\u00e1rias doen\u00e7as lhos traziam; e, pondo as m\u00e3os sobre cada um deles, os curava\u201d (Lucas 4: 40).<\/p>\n<p>Os curava a \u201ccada um deles\u201d. Veja que n\u00e3o h\u00e1 registro de nenhuma pessoa que Cristo tenha se negado a curar, tipo dizendo: \u201co seu caso e diferente\u201d. Sendo assim, ent\u00e3o pergunto: quando voc\u00ea est\u00e1 confrontado com a doen\u00e7a por que acha que logo o seu caso \u00e9 diferente e que ele n\u00e3o quer curar exclusivamente voc\u00ea???<\/p>\n<p>Jesus, que \u00e9 a revela\u00e7\u00e3o de Deus, veio ao mundo tamb\u00e9m para demonstrar em seus atos de cura que a vontade do Senhor \u00e9 de que NINGU\u00c9M fique doente.<\/p>\n<p>Jesus, que \u00e9 obediente ao Pai em todas as ocasi\u00f5es, quando repreendia a doen\u00e7a mostrava que a vontade divina \u00e9 de que TODOS tenhamos sa\u00fade. Sa\u00fade espiritual, sa\u00fade mental, sa\u00fade f\u00edsica.<\/p>\n<p>Deus n\u00e3o \u00e9 glorificado na doen\u00e7a, mas na cura!<\/p>\n<p>Se a doen\u00e7a entrou na sua vida ou alguma pessoa querida est\u00e1 sofrendo enferma, saiba de antem\u00e3o: o m\u00e9dico dos m\u00e9dicos est\u00e1 totalmente disposto a curar!<\/p>\n<p>Jesus \u00e9 o mesmo ontem, hoje e sempre. Busque a sua b\u00ean\u00e7\u00e3o, busque de todo o cora\u00e7\u00e3o.<\/p>\n","protected":false},"excerpt":{"rendered":"<p>Jesus Cristo \u00e9 a revela\u00e7\u00e3o da vontade de Deus: \u201cDisse-lhe Filipe: Senhor, mostra-nos o Pai, o que nos basta. Disse-lhe Jesus: Estou h\u00e1 tanto tempo convosco, e n\u00e3o me tendes conhecido, Filipe? Quem me v\u00ea a mim v\u00ea o Pai; e como dizes tu: Mostra-nos o Pai? N\u00e3o cr\u00eas tu que eu estou no Pai, [&hellip;]<\/p>\n","protected":false},"author":96,"featured_media":0,"comment_status":"closed","ping_status":"closed","sticky":false,"template":"","format":"standard","meta":{"footnotes":""},"categories":[1244],"tags":[],"class_list":["post-194043","post","type-post","status-publish","format-standard","hentry","category-oleg-abramov"],"_links":{"self":[{"href":"https:\/\/diarioregionaldigital.com.br\/index.php?rest_route=\/wp\/v2\/posts\/194043","targetHints":{"allow":["GET"]}}],"collection":[{"href":"https:\/\/diarioregionaldigital.com.br\/index.php?rest_route=\/wp\/v2\/posts"}],"about":[{"href":"https:\/\/diarioregionaldigital.com.br\/index.php?rest_route=\/wp\/v2\/types\/post"}],"author":[{"embeddable":true,"href":"https:\/\/diarioregionaldigital.com.br\/index.php?rest_route=\/wp\/v2\/users\/96"}],"replies":[{"embeddable":true,"href":"https:\/\/diarioregionaldigital.com.br\/index.php?rest_route=%2Fwp%2Fv2%2Fcomments&post=194043"}],"version-history":[{"count":1,"href":"https:\/\/diarioregionaldigital.com.br\/index.php?rest_route=\/wp\/v2\/posts\/194043\/revisions"}],"predecessor-version":[{"id":194044,"href":"https:\/\/diarioregionaldigital.com.br\/index.php?rest_route=\/wp\/v2\/posts\/194043\/revisions\/194044"}],"wp:attachment":[{"href":"https:\/\/diarioregionaldigital.com.br\/index.php?rest_route=%2Fwp%2Fv2%2Fmedia&parent=194043"}],"wp:term":[{"taxonomy":"category","embeddable":true,"href":"https:\/\/diarioregionaldigital.com.br\/index.php?rest_route=%2Fwp%2Fv2%2Fcategories&post=194043"},{"taxonomy":"post_tag","embeddable":true,"href":"https:\/\/diarioregionaldigital.com.br\/index.php?rest_route=%2Fwp%2Fv2%2Ftags&post=194043"}],"curies":[{"name":"wp","href":"https:\/\/api.w.org\/{rel}","templated":true}]}}