{"id":194035,"date":"2022-01-23T06:00:50","date_gmt":"2022-01-23T09:00:50","guid":{"rendered":"https:\/\/diarioregionaldigital.com.br\/?p=194035"},"modified":"2022-01-22T01:41:21","modified_gmt":"2022-01-22T04:41:21","slug":"termo-de-ratificacao-23-01-2022","status":"publish","type":"post","link":"https:\/\/diarioregionaldigital.com.br\/?p=194035","title":{"rendered":"Termo de Ratifica\u00e7\u00e3o &#8211; 23\/01\/2022"},"content":{"rendered":"<p style=\"text-align: center;\"><strong>RATIFICA\u00c7\u00c3O<\/strong><\/p>\n<p style=\"text-align: center;\">Anselmo \u00cdtalo Leopoldino, Vereador e Presidente da C\u00e2mara Municipal de Matias Barbosa \u2013 MG, no uso de suas atribui\u00e7\u00f5es,<\/p>\n<p style=\"text-align: center;\"><strong>RATIFICA:<\/strong><\/p>\n<p style=\"text-align: center;\">\u00a0 \u00a0 O Processo de n\u00ba.66\/2021 &#8211; <strong>DISPENSA DE LICITA\u00c7\u00c3O <\/strong>de n\u00b0.43\/2021 atendeu as formalidades legais, conforme demonstrado nos atos praticados pela Comiss\u00e3o Permanente de Licita\u00e7\u00e3o e confirmado pelo Parecer Jur\u00eddico, com tais fundamentos e considerando ainda a exist\u00eancia de proposta \u00fanica de trabalho. Diante do exposto acima e parecer jur\u00eddico anexo, <strong>RATIFICO<\/strong> a decis\u00e3o da Comiss\u00e3o Permanente de Licita\u00e7\u00e3o, para todos os fins de direito ao Centro de Integra\u00e7\u00e3o Empresa-Escola \u2013 CIEE\/MG, inscrito sob o CNPJ:20.431.326\/0001-90, sediado a Rua C\u00e9lio de Castro, n\u00ba.79, Bairro Floresta, em Belo Horizonte\/MG, no valor total de R$ 39.000,00\u00a0 (trinta e nove mil reais).<\/p>\n<p style=\"text-align: center;\"><strong>C\u00e2mara Municipal de Matias Barbosa, 17 de janeiro de 2022.<\/strong><\/p>\n<p style=\"text-align: center;\"><strong>Anselmo \u00cdtalo Leopoldino<\/strong><\/p>\n<p style=\"text-align: center;\"><strong>Presidente da C\u00e2mara Municipal de Matias Barbosa<\/strong><\/p>\n","protected":false},"excerpt":{"rendered":"<p>RATIFICA\u00c7\u00c3O Anselmo \u00cdtalo Leopoldino, Vereador e Presidente da C\u00e2mara Municipal de Matias Barbosa \u2013 MG, no uso de suas atribui\u00e7\u00f5es, RATIFICA: \u00a0 \u00a0 O Processo de n\u00ba.66\/2021 &#8211; DISPENSA DE LICITA\u00c7\u00c3O de n\u00b0.43\/2021 atendeu as formalidades legais, conforme demonstrado nos atos praticados pela Comiss\u00e3o Permanente de Licita\u00e7\u00e3o e confirmado pelo Parecer Jur\u00eddico, com tais fundamentos [&hellip;]<\/p>\n","protected":false},"author":96,"featured_media":0,"comment_status":"closed","ping_status":"closed","sticky":false,"template":"","format":"standard","meta":{"footnotes":""},"categories":[307],"tags":[],"class_list":["post-194035","post","type-post","status-publish","format-standard","hentry","category-editais"],"_links":{"self":[{"href":"https:\/\/diarioregionaldigital.com.br\/index.php?rest_route=\/wp\/v2\/posts\/194035","targetHints":{"allow":["GET"]}}],"collection":[{"href":"https:\/\/diarioregionaldigital.com.br\/index.php?rest_route=\/wp\/v2\/posts"}],"about":[{"href":"https:\/\/diarioregionaldigital.com.br\/index.php?rest_route=\/wp\/v2\/types\/post"}],"author":[{"embeddable":true,"href":"https:\/\/diarioregionaldigital.com.br\/index.php?rest_route=\/wp\/v2\/users\/96"}],"replies":[{"embeddable":true,"href":"https:\/\/diarioregionaldigital.com.br\/index.php?rest_route=%2Fwp%2Fv2%2Fcomments&post=194035"}],"version-history":[{"count":1,"href":"https:\/\/diarioregionaldigital.com.br\/index.php?rest_route=\/wp\/v2\/posts\/194035\/revisions"}],"predecessor-version":[{"id":194036,"href":"https:\/\/diarioregionaldigital.com.br\/index.php?rest_route=\/wp\/v2\/posts\/194035\/revisions\/194036"}],"wp:attachment":[{"href":"https:\/\/diarioregionaldigital.com.br\/index.php?rest_route=%2Fwp%2Fv2%2Fmedia&parent=194035"}],"wp:term":[{"taxonomy":"category","embeddable":true,"href":"https:\/\/diarioregionaldigital.com.br\/index.php?rest_route=%2Fwp%2Fv2%2Fcategories&post=194035"},{"taxonomy":"post_tag","embeddable":true,"href":"https:\/\/diarioregionaldigital.com.br\/index.php?rest_route=%2Fwp%2Fv2%2Ftags&post=194035"}],"curies":[{"name":"wp","href":"https:\/\/api.w.org\/{rel}","templated":true}]}}