{"id":194033,"date":"2022-01-23T06:00:35","date_gmt":"2022-01-23T09:00:35","guid":{"rendered":"https:\/\/diarioregionaldigital.com.br\/?p=194033"},"modified":"2022-01-22T01:39:44","modified_gmt":"2022-01-22T04:39:44","slug":"convocacao-de-assembleia-23-01-2022","status":"publish","type":"post","link":"https:\/\/diarioregionaldigital.com.br\/?p=194033","title":{"rendered":"Convoca\u00e7\u00e3o de Assembleia &#8211; 23\/01\/2022"},"content":{"rendered":"<p style=\"text-align: center;\"><strong>Convoca\u00e7\u00e3o de Assembleia Geral<\/strong><\/p>\n<p style=\"text-align: center;\">A Associa\u00e7\u00e3o de Propriet\u00e1rios e Moradores do Bairro Bom Pastor, convoca\/convida, para a Assembleia Geral a ser realizado no dia 08 de Fevereiro de 2022, no Sal\u00e3o Nobre do Clube Bom Pastor, \u00e0s 19:30 Hs, quando ser\u00e1 apresentada para aprova\u00e7\u00e3o o novo estatuto da Associa\u00e7\u00e3o, bem como a elei\u00e7\u00e3o da nova diretoria da Associa\u00e7\u00e3o.<\/p>\n","protected":false},"excerpt":{"rendered":"<p>Convoca\u00e7\u00e3o de Assembleia Geral A Associa\u00e7\u00e3o de Propriet\u00e1rios e Moradores do Bairro Bom Pastor, convoca\/convida, para a Assembleia Geral a ser realizado no dia 08 de Fevereiro de 2022, no Sal\u00e3o Nobre do Clube Bom Pastor, \u00e0s 19:30 Hs, quando ser\u00e1 apresentada para aprova\u00e7\u00e3o o novo estatuto da Associa\u00e7\u00e3o, bem como a elei\u00e7\u00e3o da nova [&hellip;]<\/p>\n","protected":false},"author":96,"featured_media":0,"comment_status":"closed","ping_status":"closed","sticky":false,"template":"","format":"standard","meta":{"footnotes":""},"categories":[307],"tags":[],"class_list":["post-194033","post","type-post","status-publish","format-standard","hentry","category-editais"],"_links":{"self":[{"href":"https:\/\/diarioregionaldigital.com.br\/index.php?rest_route=\/wp\/v2\/posts\/194033","targetHints":{"allow":["GET"]}}],"collection":[{"href":"https:\/\/diarioregionaldigital.com.br\/index.php?rest_route=\/wp\/v2\/posts"}],"about":[{"href":"https:\/\/diarioregionaldigital.com.br\/index.php?rest_route=\/wp\/v2\/types\/post"}],"author":[{"embeddable":true,"href":"https:\/\/diarioregionaldigital.com.br\/index.php?rest_route=\/wp\/v2\/users\/96"}],"replies":[{"embeddable":true,"href":"https:\/\/diarioregionaldigital.com.br\/index.php?rest_route=%2Fwp%2Fv2%2Fcomments&post=194033"}],"version-history":[{"count":1,"href":"https:\/\/diarioregionaldigital.com.br\/index.php?rest_route=\/wp\/v2\/posts\/194033\/revisions"}],"predecessor-version":[{"id":194034,"href":"https:\/\/diarioregionaldigital.com.br\/index.php?rest_route=\/wp\/v2\/posts\/194033\/revisions\/194034"}],"wp:attachment":[{"href":"https:\/\/diarioregionaldigital.com.br\/index.php?rest_route=%2Fwp%2Fv2%2Fmedia&parent=194033"}],"wp:term":[{"taxonomy":"category","embeddable":true,"href":"https:\/\/diarioregionaldigital.com.br\/index.php?rest_route=%2Fwp%2Fv2%2Fcategories&post=194033"},{"taxonomy":"post_tag","embeddable":true,"href":"https:\/\/diarioregionaldigital.com.br\/index.php?rest_route=%2Fwp%2Fv2%2Ftags&post=194033"}],"curies":[{"name":"wp","href":"https:\/\/api.w.org\/{rel}","templated":true}]}}