{"id":194028,"date":"2022-01-21T17:32:27","date_gmt":"2022-01-21T20:32:27","guid":{"rendered":"https:\/\/diarioregionaldigital.com.br\/?p=194028"},"modified":"2022-01-21T17:32:27","modified_gmt":"2022-01-21T20:32:27","slug":"pjf-realiza-entrevista-coletiva-sobre-notificacao-aos-consorcios-das-empresas-de-onibus","status":"publish","type":"post","link":"https:\/\/diarioregionaldigital.com.br\/?p=194028","title":{"rendered":"PJF realiza entrevista coletiva sobre notifica\u00e7\u00e3o aos cons\u00f3rcios das empresas de \u00f4nibus"},"content":{"rendered":"<p>Segundo informa\u00e7\u00f5es do site da Prefeitura de Juiz de Fora, a quest\u00e3o do transporte coletivo urbano foi abordada em entrevista coletiva realizada nesta sexta-feira, 21, no pr\u00e9dio-sede da Prefeitura de Juiz de Fora (PJF). No encontro com os jornalistas, o secret\u00e1rio de Mobilidade Urbana (SMU), Tadeu David, informou sobre a notifica\u00e7\u00e3o apresentada aos cons\u00f3rcios das empresas de \u00f4nibus durante reuni\u00e3o do Comit\u00ea Gestor na quinta-feira, 20.<\/p>\n<p>O respons\u00e1vel pela pasta ressaltou que os agentes fiscalizadores t\u00eam acompanhado diuturnamente os problemas relacionados ao transporte p\u00fablico. Com o agravamento da situa\u00e7\u00e3o e acidentes ocorridos, principalmente com os ve\u00edculos da empresa Tusmil, que pertence ao cons\u00f3rcio Manchester, a notifica\u00e7\u00e3o foi apresentada para que todos os problemas sejam reparados e mitigados o mais r\u00e1pido poss\u00edvel. \u201cN\u00f3s queremos e temos por obriga\u00e7\u00e3o garantir um servi\u00e7o de qualidade \u00e0 popula\u00e7\u00e3o. Estamos tomando todas as atitudes previstas no contrato e no edital de concess\u00e3o do transporte coletivo para a garantia e melhoria do transporte na cidade\u201d, esclareceu o secret\u00e1rio.<\/p>\n<p>Ao ser questionado sobre as manifesta\u00e7\u00f5es da categoria sobre o aumento de sal\u00e1rio, Tadeu David esclareceu que a negocia\u00e7\u00e3o \u00e9 uma rela\u00e7\u00e3o particular entre patr\u00e3o e empregado, conforme prev\u00ea a lei, que n\u00e3o cabe interfer\u00eancia da PJF. Por\u00e9m, reafirmou a nota j\u00e1 publicada, que existe o compromisso em lei juntamente \u00e0s empresas que nenhum posto de trabalho pode ser retirado.<\/p>\n","protected":false},"excerpt":{"rendered":"<p>Segundo informa\u00e7\u00f5es do site da Prefeitura de Juiz de Fora, a quest\u00e3o do transporte coletivo urbano foi abordada em entrevista coletiva realizada nesta sexta-feira, 21, no pr\u00e9dio-sede da Prefeitura de Juiz de Fora (PJF). No encontro com os jornalistas, o secret\u00e1rio de Mobilidade Urbana (SMU), Tadeu David, informou sobre a notifica\u00e7\u00e3o apresentada aos cons\u00f3rcios das [&hellip;]<\/p>\n","protected":false},"author":246,"featured_media":194029,"comment_status":"closed","ping_status":"closed","sticky":false,"template":"","format":"standard","meta":{"footnotes":""},"categories":[253,436,439],"tags":[],"class_list":["post-194028","post","type-post","status-publish","format-standard","has-post-thumbnail","hentry","category-cidade","category-destaque-da-semana","category-ultima-hora"],"_links":{"self":[{"href":"https:\/\/diarioregionaldigital.com.br\/index.php?rest_route=\/wp\/v2\/posts\/194028","targetHints":{"allow":["GET"]}}],"collection":[{"href":"https:\/\/diarioregionaldigital.com.br\/index.php?rest_route=\/wp\/v2\/posts"}],"about":[{"href":"https:\/\/diarioregionaldigital.com.br\/index.php?rest_route=\/wp\/v2\/types\/post"}],"author":[{"embeddable":true,"href":"https:\/\/diarioregionaldigital.com.br\/index.php?rest_route=\/wp\/v2\/users\/246"}],"replies":[{"embeddable":true,"href":"https:\/\/diarioregionaldigital.com.br\/index.php?rest_route=%2Fwp%2Fv2%2Fcomments&post=194028"}],"version-history":[{"count":1,"href":"https:\/\/diarioregionaldigital.com.br\/index.php?rest_route=\/wp\/v2\/posts\/194028\/revisions"}],"predecessor-version":[{"id":194030,"href":"https:\/\/diarioregionaldigital.com.br\/index.php?rest_route=\/wp\/v2\/posts\/194028\/revisions\/194030"}],"wp:featuredmedia":[{"embeddable":true,"href":"https:\/\/diarioregionaldigital.com.br\/index.php?rest_route=\/wp\/v2\/media\/194029"}],"wp:attachment":[{"href":"https:\/\/diarioregionaldigital.com.br\/index.php?rest_route=%2Fwp%2Fv2%2Fmedia&parent=194028"}],"wp:term":[{"taxonomy":"category","embeddable":true,"href":"https:\/\/diarioregionaldigital.com.br\/index.php?rest_route=%2Fwp%2Fv2%2Fcategories&post=194028"},{"taxonomy":"post_tag","embeddable":true,"href":"https:\/\/diarioregionaldigital.com.br\/index.php?rest_route=%2Fwp%2Fv2%2Ftags&post=194028"}],"curies":[{"name":"wp","href":"https:\/\/api.w.org\/{rel}","templated":true}]}}