{"id":194025,"date":"2022-01-21T17:30:42","date_gmt":"2022-01-21T20:30:42","guid":{"rendered":"https:\/\/diarioregionaldigital.com.br\/?p=194025"},"modified":"2022-01-21T17:30:42","modified_gmt":"2022-01-21T20:30:42","slug":"cesama-realiza-manutencao-nas-elevatorias-do-esplanada-e-regiao-tem-abastecimento-afetado","status":"publish","type":"post","link":"https:\/\/diarioregionaldigital.com.br\/?p=194025","title":{"rendered":"Cesama realiza manuten\u00e7\u00e3o nas elevat\u00f3rias do Esplanada e regi\u00e3o tem abastecimento afetado"},"content":{"rendered":"<p>Segundo informa\u00e7\u00f5es do site da Prefeitura de Juiz de Fora, na pr\u00f3xima segunda-feira, 24, a Companhia de Saneamento Municipal (Cesama) da Prefeitura de Juiz de Fora ir\u00e1 realizar uma manuten\u00e7\u00e3o nas elevat\u00f3rias de \u00e1gua do bairro Esplanada. Os trabalhos ser\u00e3o iniciados na madrugada, \u00e0s 4h, e t\u00eam previs\u00e3o de t\u00e9rmino \u00e0s 10 h. Para isso, ser\u00e1 necess\u00e1rio interromper o funcionamento dessas unidades, comprometendo o abastecimento dos bairros Esplanada, Monte Castelo e F\u00e1brica.<\/p>\n<p>A Cesama pede a compreens\u00e3o da popula\u00e7\u00e3o local e orienta para que os moradores economizem \u00e1gua durante os servi\u00e7os. A previs\u00e3o \u00e9 de que o abastecimento seja regularizado na noite de segunda-feira.<\/p>\n<div><\/div>\n","protected":false},"excerpt":{"rendered":"<p>Segundo informa\u00e7\u00f5es do site da Prefeitura de Juiz de Fora, na pr\u00f3xima segunda-feira, 24, a Companhia de Saneamento Municipal (Cesama) da Prefeitura de Juiz de Fora ir\u00e1 realizar uma manuten\u00e7\u00e3o nas elevat\u00f3rias de \u00e1gua do bairro Esplanada. Os trabalhos ser\u00e3o iniciados na madrugada, \u00e0s 4h, e t\u00eam previs\u00e3o de t\u00e9rmino \u00e0s 10 h. Para isso, [&hellip;]<\/p>\n","protected":false},"author":246,"featured_media":194026,"comment_status":"closed","ping_status":"closed","sticky":false,"template":"","format":"standard","meta":{"footnotes":""},"categories":[253,436,439],"tags":[],"class_list":["post-194025","post","type-post","status-publish","format-standard","has-post-thumbnail","hentry","category-cidade","category-destaque-da-semana","category-ultima-hora"],"_links":{"self":[{"href":"https:\/\/diarioregionaldigital.com.br\/index.php?rest_route=\/wp\/v2\/posts\/194025","targetHints":{"allow":["GET"]}}],"collection":[{"href":"https:\/\/diarioregionaldigital.com.br\/index.php?rest_route=\/wp\/v2\/posts"}],"about":[{"href":"https:\/\/diarioregionaldigital.com.br\/index.php?rest_route=\/wp\/v2\/types\/post"}],"author":[{"embeddable":true,"href":"https:\/\/diarioregionaldigital.com.br\/index.php?rest_route=\/wp\/v2\/users\/246"}],"replies":[{"embeddable":true,"href":"https:\/\/diarioregionaldigital.com.br\/index.php?rest_route=%2Fwp%2Fv2%2Fcomments&post=194025"}],"version-history":[{"count":1,"href":"https:\/\/diarioregionaldigital.com.br\/index.php?rest_route=\/wp\/v2\/posts\/194025\/revisions"}],"predecessor-version":[{"id":194027,"href":"https:\/\/diarioregionaldigital.com.br\/index.php?rest_route=\/wp\/v2\/posts\/194025\/revisions\/194027"}],"wp:featuredmedia":[{"embeddable":true,"href":"https:\/\/diarioregionaldigital.com.br\/index.php?rest_route=\/wp\/v2\/media\/194026"}],"wp:attachment":[{"href":"https:\/\/diarioregionaldigital.com.br\/index.php?rest_route=%2Fwp%2Fv2%2Fmedia&parent=194025"}],"wp:term":[{"taxonomy":"category","embeddable":true,"href":"https:\/\/diarioregionaldigital.com.br\/index.php?rest_route=%2Fwp%2Fv2%2Fcategories&post=194025"},{"taxonomy":"post_tag","embeddable":true,"href":"https:\/\/diarioregionaldigital.com.br\/index.php?rest_route=%2Fwp%2Fv2%2Ftags&post=194025"}],"curies":[{"name":"wp","href":"https:\/\/api.w.org\/{rel}","templated":true}]}}