{"id":194022,"date":"2022-01-21T17:27:21","date_gmt":"2022-01-21T20:27:21","guid":{"rendered":"https:\/\/diarioregionaldigital.com.br\/?p=194022"},"modified":"2022-01-21T17:27:21","modified_gmt":"2022-01-21T20:27:21","slug":"rede-de-succao-do-linhares-e-concluida-garantindo-mais-agua-para-a-regiao","status":"publish","type":"post","link":"https:\/\/diarioregionaldigital.com.br\/?p=194022","title":{"rendered":"Rede de suc\u00e7\u00e3o do Linhares \u00e9 conclu\u00edda garantindo mais \u00e1gua para a regi\u00e3o"},"content":{"rendered":"<p>Segundo informa\u00e7\u00f5es do site da Prefeitura de Juiz de Fora, com um investimento de R$ 1.522.803,74, a Companhia de Saneamento Municipal (Cesama) da Prefeitura de Juiz de Fora (PJF) concluiu a implanta\u00e7\u00e3o da rede de suc\u00e7\u00e3o do Linhares. A obra tem como objetivo proporcionar maior disponibilidade de \u00e1gua para tr\u00eas esta\u00e7\u00f5es elevat\u00f3rias que atendem os bairros Vitorino Braga, Linhares, Boto, Porto Seguro, Recanto das Pedras, Vila Fortaleza, Jardim das Flores, Graja\u00fa, Alto Graja\u00fa, Santa Rita, Tr\u00eas Moinhos, Nossa Senhora Aparecida, S\u00e3o Jos\u00e9, S\u00e3o Benedito, S\u00e3o Bernardo, Santa C\u00e2ndida, Santos Anjos, Jardim do Sol, Bosque dos Pinheiros, Aracy, Bonsucesso e Parque ABC. Desta forma, a partir de agora, os moradores dessas localidades contar\u00e3o com maior press\u00e3o e vaz\u00e3o nas redes que abastecem seus im\u00f3veis.<\/p>\n<p>A rede conta com um quil\u00f4metro de tubula\u00e7\u00e3o em ferro fundido, de 400 mil\u00edmetros de di\u00e2metro, tendo a obra sido iniciada em julho de 2021 e conclu\u00edda em janeiro deste ano. O projeto foi desenvolvido pelo Departamento de Projetos da Cesama e a obra executada pela Construtora Eleva\u00e7\u00e3o, vencedora da licita\u00e7\u00e3o.<\/p>\n","protected":false},"excerpt":{"rendered":"<p>Segundo informa\u00e7\u00f5es do site da Prefeitura de Juiz de Fora, com um investimento de R$ 1.522.803,74, a Companhia de Saneamento Municipal (Cesama) da Prefeitura de Juiz de Fora (PJF) concluiu a implanta\u00e7\u00e3o da rede de suc\u00e7\u00e3o do Linhares. A obra tem como objetivo proporcionar maior disponibilidade de \u00e1gua para tr\u00eas esta\u00e7\u00f5es elevat\u00f3rias que atendem os [&hellip;]<\/p>\n","protected":false},"author":246,"featured_media":194023,"comment_status":"closed","ping_status":"closed","sticky":false,"template":"","format":"standard","meta":{"footnotes":""},"categories":[253,436,439],"tags":[],"class_list":["post-194022","post","type-post","status-publish","format-standard","has-post-thumbnail","hentry","category-cidade","category-destaque-da-semana","category-ultima-hora"],"_links":{"self":[{"href":"https:\/\/diarioregionaldigital.com.br\/index.php?rest_route=\/wp\/v2\/posts\/194022","targetHints":{"allow":["GET"]}}],"collection":[{"href":"https:\/\/diarioregionaldigital.com.br\/index.php?rest_route=\/wp\/v2\/posts"}],"about":[{"href":"https:\/\/diarioregionaldigital.com.br\/index.php?rest_route=\/wp\/v2\/types\/post"}],"author":[{"embeddable":true,"href":"https:\/\/diarioregionaldigital.com.br\/index.php?rest_route=\/wp\/v2\/users\/246"}],"replies":[{"embeddable":true,"href":"https:\/\/diarioregionaldigital.com.br\/index.php?rest_route=%2Fwp%2Fv2%2Fcomments&post=194022"}],"version-history":[{"count":1,"href":"https:\/\/diarioregionaldigital.com.br\/index.php?rest_route=\/wp\/v2\/posts\/194022\/revisions"}],"predecessor-version":[{"id":194024,"href":"https:\/\/diarioregionaldigital.com.br\/index.php?rest_route=\/wp\/v2\/posts\/194022\/revisions\/194024"}],"wp:featuredmedia":[{"embeddable":true,"href":"https:\/\/diarioregionaldigital.com.br\/index.php?rest_route=\/wp\/v2\/media\/194023"}],"wp:attachment":[{"href":"https:\/\/diarioregionaldigital.com.br\/index.php?rest_route=%2Fwp%2Fv2%2Fmedia&parent=194022"}],"wp:term":[{"taxonomy":"category","embeddable":true,"href":"https:\/\/diarioregionaldigital.com.br\/index.php?rest_route=%2Fwp%2Fv2%2Fcategories&post=194022"},{"taxonomy":"post_tag","embeddable":true,"href":"https:\/\/diarioregionaldigital.com.br\/index.php?rest_route=%2Fwp%2Fv2%2Ftags&post=194022"}],"curies":[{"name":"wp","href":"https:\/\/api.w.org\/{rel}","templated":true}]}}