{"id":194019,"date":"2022-01-21T17:25:51","date_gmt":"2022-01-21T20:25:51","guid":{"rendered":"https:\/\/diarioregionaldigital.com.br\/?p=194019"},"modified":"2022-01-21T17:25:51","modified_gmt":"2022-01-21T20:25:51","slug":"pjf-realiza-segundo-encontro-com-comunidade-sobre-torneio-leiteiro-de-2022","status":"publish","type":"post","link":"https:\/\/diarioregionaldigital.com.br\/?p=194019","title":{"rendered":"PJF realiza segundo encontro com comunidade sobre Torneio Leiteiro de 2022"},"content":{"rendered":"<p>Segundo informa\u00e7\u00f5es do site da Prefeitura de Juiz de Fora, na noite desta quinta-feira, 20, a Prefeitura de Juiz de Fora (PJF) realizou mais uma etapa para a organiza\u00e7\u00e3o dos Torneios Leiteiros de 2022. Mais de 30 pessoas entre elas, produtores rurais, moradores da zona rural, promotores de eventos, lideran\u00e7as comunit\u00e1rias, representantes de conselhos, institutos agropecu\u00e1rios e tamb\u00e9m representantes do executivo e do legislativo, se reuniram no audit\u00f3rio da PJF para debater a realiza\u00e7\u00e3o e formato das festividades que ocorrem h\u00e1 mais de tr\u00eas d\u00e9cadas no munic\u00edpio.<\/p>\n<p>De acordo com a Secretaria de Agricultura, Pecu\u00e1ria e Abastecimento (Seapa), o objetivo do encontro foi apresentar \u00e0 comunidade as propostas de apoio da PJF para os torneios leiteiros e orientar os interessados em sedi\u00e1-los sobre os procedimentos para a realiza\u00e7\u00e3o de eventos agropecu\u00e1rios. Os documentos s\u00e3o parte do plano de a\u00e7\u00e3o elaborado pelo Grupo de Trabalho (GT) criado para organizar, estruturar e coordenar as a\u00e7\u00f5es da PJF como apoio para a realiza\u00e7\u00e3o das festividades. No GT do Torneio Leiteiro h\u00e1 representantes de dez secretarias da PJF e demais entes da administra\u00e7\u00e3o indireta. Na ocasi\u00e3o tamb\u00e9m foi feito o levantamento dos interessados em sediar os eventos.<\/p>\n<p>Al\u00e9m disso, o encontro prop\u00f4s-se a abrir o espa\u00e7o para escuta e di\u00e1logo junto aos envolvidos na promo\u00e7\u00e3o dos Torneios Leiteiros. Como parte deste movimento,\u00a0j\u00e1 est\u00e1 dispon\u00edvel a\u00a0<a href=\"https:\/\/www.pjf.mg.gov.br\/noticias\/view.php?modo=link2&amp;idnoticia2=73846\">pesquisa de opini\u00e3o<\/a><a href=\"https:\/\/www.pjf.mg.gov.br\/noticias\/view.php?modo=link2&amp;idnoticia2=73846\">,<\/a>\u00a0que ficar\u00e1 no ar at\u00e9 final de mar\u00e7o de 2022.<a href=\"https:\/\/docs.google.com\/forms\/d\/e\/1FAIpQLSeTb4Li2YTBYZcDGelNmNeTGrYYott8gd8uKJ6FAWXSBRxr1w\/viewform\">\u00a0<\/a><a href=\"https:\/\/docs.google.com\/forms\/d\/e\/1FAIpQLSeTb4Li2YTBYZcDGelNmNeTGrYYott8gd8uKJ6FAWXSBRxr1w\/viewform\">Clique aqui e participe<\/a><a href=\"https:\/\/docs.google.com\/forms\/d\/e\/1FAIpQLSeTb4Li2YTBYZcDGelNmNeTGrYYott8gd8uKJ6FAWXSBRxr1w\/viewform\">.<\/a><\/p>\n","protected":false},"excerpt":{"rendered":"<p>Segundo informa\u00e7\u00f5es do site da Prefeitura de Juiz de Fora, na noite desta quinta-feira, 20, a Prefeitura de Juiz de Fora (PJF) realizou mais uma etapa para a organiza\u00e7\u00e3o dos Torneios Leiteiros de 2022. Mais de 30 pessoas entre elas, produtores rurais, moradores da zona rural, promotores de eventos, lideran\u00e7as comunit\u00e1rias, representantes de conselhos, institutos [&hellip;]<\/p>\n","protected":false},"author":246,"featured_media":194020,"comment_status":"closed","ping_status":"closed","sticky":false,"template":"","format":"standard","meta":{"footnotes":""},"categories":[253,436,440,439],"tags":[],"class_list":["post-194019","post","type-post","status-publish","format-standard","has-post-thumbnail","hentry","category-cidade","category-destaque-da-semana","category-destaques-do-dia","category-ultima-hora"],"_links":{"self":[{"href":"https:\/\/diarioregionaldigital.com.br\/index.php?rest_route=\/wp\/v2\/posts\/194019","targetHints":{"allow":["GET"]}}],"collection":[{"href":"https:\/\/diarioregionaldigital.com.br\/index.php?rest_route=\/wp\/v2\/posts"}],"about":[{"href":"https:\/\/diarioregionaldigital.com.br\/index.php?rest_route=\/wp\/v2\/types\/post"}],"author":[{"embeddable":true,"href":"https:\/\/diarioregionaldigital.com.br\/index.php?rest_route=\/wp\/v2\/users\/246"}],"replies":[{"embeddable":true,"href":"https:\/\/diarioregionaldigital.com.br\/index.php?rest_route=%2Fwp%2Fv2%2Fcomments&post=194019"}],"version-history":[{"count":1,"href":"https:\/\/diarioregionaldigital.com.br\/index.php?rest_route=\/wp\/v2\/posts\/194019\/revisions"}],"predecessor-version":[{"id":194021,"href":"https:\/\/diarioregionaldigital.com.br\/index.php?rest_route=\/wp\/v2\/posts\/194019\/revisions\/194021"}],"wp:featuredmedia":[{"embeddable":true,"href":"https:\/\/diarioregionaldigital.com.br\/index.php?rest_route=\/wp\/v2\/media\/194020"}],"wp:attachment":[{"href":"https:\/\/diarioregionaldigital.com.br\/index.php?rest_route=%2Fwp%2Fv2%2Fmedia&parent=194019"}],"wp:term":[{"taxonomy":"category","embeddable":true,"href":"https:\/\/diarioregionaldigital.com.br\/index.php?rest_route=%2Fwp%2Fv2%2Fcategories&post=194019"},{"taxonomy":"post_tag","embeddable":true,"href":"https:\/\/diarioregionaldigital.com.br\/index.php?rest_route=%2Fwp%2Fv2%2Ftags&post=194019"}],"curies":[{"name":"wp","href":"https:\/\/api.w.org\/{rel}","templated":true}]}}